{"id":3214,"date":"2011-12-07T21:44:02","date_gmt":"2011-12-07T20:44:02","guid":{"rendered":"http:\/\/blogs.avui.cat\/jaumepubill\/?p=3214"},"modified":"2011-12-07T21:44:47","modified_gmt":"2011-12-07T20:44:47","slug":"ja-ens-lhan-aixecat-conseller-la-camisa","status":"publish","type":"post","link":"https:\/\/blogs.avui.cat\/jaumepubill\/2011\/12\/07\/ja-ens-lhan-aixecat-conseller-la-camisa\/","title":{"rendered":"Ja ens l&rsquo;han aixecada, Conseller! (la camisa&hellip;)"},"content":{"rendered":"<p align=\"justify\"><img data-recalc-dims=\"1\" loading=\"lazy\" decoding=\"async\" style=\"margin: 0px 11px 0px 0px;float: left\" align=\"left\" src=\"https:\/\/i0.wp.com\/estaticos.elperiodico.com\/resources\/jpg\/5\/2\/1323274041325.jpg?resize=269%2C150\" width=\"269\" height=\"150\" \/>\u201cEns estan intentant aixecar la camisa\u201d, ha afirmat contundentment el conseller d&#8217;Economia, Andreu Mas-Colell, davant la confirmaci\u00f3 que el govern de Zapatero no pagar\u00e0 els 759 milions d&#8217;euros corresponents a la disposici\u00f3 addicional tercera de l&#8217;Estatut.<\/p>\n<p align=\"justify\">No, Conseller, no \u00e9s un intent, \u00e9s un fet i \u00e9s un fet consumat. Un fet habitual i ja antic. \u00c9s una aixecada de camisa m\u00e9s i en tota la regla. Ens l\u2019han aixecat tantes vegades que ja sembla que ens hi hem acostumat i tot i ja ni tenim capacitat d\u2019indignaci\u00f3. Sembla que ning\u00fa tingui res a dir\u2026 Ho heu sentit, senyors del PSC? S\u00f3n els vostres de Madrid qui ho diuen i ens neguen el pa i la sal per poder sobreviure. Ni la viu-viu podrem fer aviat\u2026<\/p>\n<p align=\"justify\">Que 759 milions no s\u00f3n res? Que no ens trauran el ventre de pena? Potser no, per\u00f2 a mi em van ensenyar que <strong>\u201cA dones, sants i minyons, no els prometis si no els dons\u201d. <\/strong>Potser podr\u00edem afegir-hi &quot;<strong>\u201da catalans\u2026\u201d<\/strong> Perqu\u00e8 aix\u00f2 ja no \u00e9s nom\u00e9s \u201cfalta de seriositat i de responsabilitat\u201d i \u201cuna maniobra tan grollera que posar\u00e0 en q\u00fcesti\u00f3 la credibilitat hist\u00f2rica d&#8217;aquest govern (espanyol). Aix\u00f2 s\u2019assembla m\u00e9s al \u201ctimo de la estampita\u201d que a res m\u00e9s. \u201cSi s\u00f3n capa\u00e7os de fer aquestes grolleries que no hauran fet?\u201d, ha dit el Conseller Mas-Colell. Tots ho sabem prou el que han fet, al llarg de la hist\u00f2ria i en aquests darrers anys. Jo encara no entenc com hi ha gent que se\u2019n fien un p\u00e8l d\u2019aquesta gent. Han baixat vots, per\u00f2 encara no entenc com no n\u2019han baixat m\u00e9s!<\/p>\n<p align=\"justify\">Avui estava for\u00e7a indignat el Conseller i ha acabat dient que&#160; \u201c\u00e9s un cas de barra\u201d. \u00c9s un cas de \u201cbarra\u201d, \u00e9s un <a href=\"http:\/\/www.zeniting.com\/player.php?id=228\" target=\"_blank\">ESPOLI<\/a> en tota regla el que fa l\u2019Estat espanyol amb Catalunya (i deixi-ho dir amb totes les lletres, ben alt i ben fort, senyora Presidenta del Parlament), \u00e9s un robatori (et prenen el que \u00e9s teu), \u00e9s una befa, \u00e9s una escopinada a la cara, \u00e9s\u2026 Que cadasc\u00fa ho qualifiqui com vulgui, per\u00f2 podr\u00edem trobar molts sin\u00f2nims per dir el mateix.<\/p>\n<blockquote>\n<h3 align=\"justify\">El d\u00e8ficit fiscal de Catalunya amb l\u2019Estat puja a 16.434 milions d\u2019euros.<\/h3>\n<p align=\"justify\">El d\u00e8ficit fiscal de Catalunya amb l&#8217;Estat gaireb\u00e9 no s&#8217;ha mogut en l&#8217;\u00faltim lustre. L&#8217;Executiu d&#8217;Artur Mas considera que aquest va ser del 8,4% del producte interior brut (PIB) el 2009, l&#8217;\u00faltim any amb dades disponibles, la qual cosa suposa un increment d&#8217;una d\u00e8cima respecte al 2005. Aquesta proporci\u00f3 equival a 16.434.000 d&#8217;euros. Aix\u00ed ho ha anunciat aquesta tarda al Parlament el conseller d&#8217;Economia i Coneixement, Andreu Mas-Colell, que ha constatat que Catalunya t\u00e9 un &quot;d\u00e8ficit fiscal estructural&quot; amb l&#8217;Estat d &#8216;&quot;entre el 8% i el 8,5% del PIB catal\u00e0 &quot;. Mas-Colell ha considerat que, tot i el nou model de finan\u00e7ament auton\u00f2mic, &quot;no s&#8217;ha produ\u00eft cap canvi significatiu&quot; entre 2005 i 2009 i ha jutjat que \u00e9s situaci\u00f3 no \u00e9s &quot;res raonable&quot;.<\/p>\n<p align=\"justify\"><a href=\"http:\/\/www.elpais.com\/articulo\/economia\/deficit\/fiscal\/Cataluna\/Estado\/asciende\/16434\/millones\/euros\/elpepueco\/20111026elpepueco_20\/Tes\" target=\"_blank\">DIARI EL PAIS<\/a> (26\/10\/11)<\/p>\n<\/blockquote>\n","protected":false},"excerpt":{"rendered":"<p>\u201cEns estan intentant aixecar la camisa\u201d, ha afirmat contundentment el conseller d&#8217;Economia, Andreu Mas-Colell, davant la confirmaci\u00f3 que el govern de Zapatero no pagar\u00e0 els 759 milions d&#8217;euros corresponents a la disposici\u00f3 addicional tercera de l&#8217;Estatut. No, Conseller, no \u00e9s un intent, \u00e9s un fet i \u00e9s un fet consumat. Un fet habitual i ja [&hellip;]<\/p>\n","protected":false},"author":214,"featured_media":0,"comment_status":"open","ping_status":"closed","sticky":false,"template":"","format":"standard","meta":{"_jetpack_memberships_contains_paid_content":false,"footnotes":"","jetpack_publicize_message":"","jetpack_publicize_feature_enabled":true,"jetpack_social_post_already_shared":false,"jetpack_social_options":{"image_generator_settings":{"template":"highway","default_image_id":0,"font":"","enabled":false},"version":2}},"categories":[225,172],"tags":[29675,31833,31828],"class_list":["post-3214","post","type-post","status-publish","format-standard","hentry","category-economia","category-politica","tag-deficit-fiscal","tag-economia","tag-politica"],"jetpack_publicize_connections":[],"jetpack_featured_media_url":"","jetpack_shortlink":"https:\/\/wp.me\/pagkjs-PQ","jetpack-related-posts":[],"jetpack_sharing_enabled":true,"_links":{"self":[{"href":"https:\/\/blogs.avui.cat\/jaumepubill\/wp-json\/wp\/v2\/posts\/3214","targetHints":{"allow":["GET"]}}],"collection":[{"href":"https:\/\/blogs.avui.cat\/jaumepubill\/wp-json\/wp\/v2\/posts"}],"about":[{"href":"https:\/\/blogs.avui.cat\/jaumepubill\/wp-json\/wp\/v2\/types\/post"}],"author":[{"embeddable":true,"href":"https:\/\/blogs.avui.cat\/jaumepubill\/wp-json\/wp\/v2\/users\/214"}],"replies":[{"embeddable":true,"href":"https:\/\/blogs.avui.cat\/jaumepubill\/wp-json\/wp\/v2\/comments?post=3214"}],"version-history":[{"count":2,"href":"https:\/\/blogs.avui.cat\/jaumepubill\/wp-json\/wp\/v2\/posts\/3214\/revisions"}],"predecessor-version":[{"id":3216,"href":"https:\/\/blogs.avui.cat\/jaumepubill\/wp-json\/wp\/v2\/posts\/3214\/revisions\/3216"}],"wp:attachment":[{"href":"https:\/\/blogs.avui.cat\/jaumepubill\/wp-json\/wp\/v2\/media?parent=3214"}],"wp:term":[{"taxonomy":"category","embeddable":true,"href":"https:\/\/blogs.avui.cat\/jaumepubill\/wp-json\/wp\/v2\/categories?post=3214"},{"taxonomy":"post_tag","embeddable":true,"href":"https:\/\/blogs.avui.cat\/jaumepubill\/wp-json\/wp\/v2\/tags?post=3214"}],"curies":[{"name":"wp","href":"https:\/\/api.w.org\/{rel}","templated":true}]}}