{"id":3100,"date":"2011-10-31T11:00:35","date_gmt":"2011-10-31T10:00:35","guid":{"rendered":"http:\/\/blogs.avui.cat\/jaumepubill\/?p=3100"},"modified":"2011-10-31T11:00:35","modified_gmt":"2011-10-31T10:00:35","slug":"els-sants-de-cada-dia","status":"publish","type":"post","link":"https:\/\/blogs.avui.cat\/jaumepubill\/2011\/10\/31\/els-sants-de-cada-dia\/","title":{"rendered":"Els sants de cada dia"},"content":{"rendered":"<p align=\"justify\"><img data-recalc-dims=\"1\" loading=\"lazy\" decoding=\"async\" src=\"https:\/\/i0.wp.com\/www.luisgracia.es\/images\/paisajes01\/niebla-y-almendros.jpg?resize=489%2C281\" width=\"489\" height=\"281\" \/><\/p>\n<p align=\"justify\">Els primers dies de Novembre sempre s\u00f3n uns dies especials pels que celebrem Tots sants i el Dia dels Difunts. \u00c9s clar que aix\u00f2 ha canviat molt amb els anys i tamb\u00e9 canvia molt segons les cultures. No \u00e9s pas la mateixa cosa la celebraci\u00f3 cristiana aqu\u00ed a Europa, que la aquesta celebraci\u00f3 en les cultures ind\u00edgenes de Llatinoam\u00e8rica, per exemple, o el fam\u00f3s Halloween de les cultures anglosaxones i celtes.<\/p>\n<p align=\"justify\">Per\u00f2 totes aquestes celebracions tenen el mateix com\u00fa origen del culte als morts, als avantpassats que ens han precedit en el cam\u00ed de la vida. Als cristians ens permet invocar els predecessors en la fe que ja descansen amb D\u00e9u, intercessors i models de vida que ens fan m\u00e9s amable l\u2019exist\u00e8ncia i el pas per aquest m\u00f3n. S\u00f3n com companys de cam\u00ed que han sabut passar per aquest m\u00f3n de la millor manera possible: fent el b\u00e9. Per aix\u00f2 els invoquem, els recordem i volem ser com ells. I una altra cosa: no hem de recordar nom\u00e9s els sants del passat, sin\u00f3 que hem de recordar tants i tants homes i dones que s\u00f3n sants ja ara, en un present dif\u00edcil, i que no nom\u00e9s s\u2019estan guanyant el cel, sin\u00f3 que estan guanyant la terra amb lluites cap a finalitats millors per a ells i per a milions de persones. Sants actuals que mai veurem als altars per\u00f2 que s\u00f3n tant sants \u2013o m\u00e9s- que alguns dels que l\u2019Esgl\u00e9sia ha fet de forma m\u00e9s o menys obscura i una mica vergonyant i interessada.<\/p>\n<p align=\"justify\"><strong>Pere Casald\u00e0liga<\/strong> \u2013a qui m\u2019agrada de llegit de tant en tant- parla sovint de la mort, del martiri i dels sants. Per\u00f2 ho fa sempre tocant de peus a terra, encara que ho faci quasi sempre d\u2019una forma molt po\u00e8tica. Potser per aix\u00f2 m\u2019agrada tant.<\/p>\n<p align=\"justify\">Per aix\u00f2 avui vull aportar unes quantes paraules seves que em faran aprofundir millor tot el misteri que recordem i celebrem aquests dies: el de la vida, la mort i el m\u00e9s enll\u00e0.<\/p>\n<blockquote>\n<p align=\"justify\"><em>\u201cSi no hem portat la vida amb aquella fidelitat amb qu\u00e8 s\u2019hauria d\u2019haver portat, si no ens hem anat santificant davant la vida, almenys santifiquem-nos de patacada davant la mort. Hem d\u2019aprendre a morir la vida per aprendre a viure la mort.\u201d<\/em><\/p>\n<\/blockquote>\n<blockquote>\n<p align=\"justify\"><em>\u201cEn comptes del temps del rellotge, has d\u2019aprendre a viure sota el temps c\u00f2smic.\u201d<\/em><\/p>\n<\/blockquote>\n<blockquote>\n<p align=\"justify\"><em>\u201cCada dia ben viscut fa una vida.\u201d<\/em><\/p>\n<\/blockquote>\n<p align=\"justify\"><strong>Francesc Escribano<\/strong>, <em>Descal\u00e7 sobre terra vermella. Vida del bisbe Pere Casald\u00e0liga<\/em> (Barcelona: Edicions 62, 2001) <\/p>\n<p align=\"center\"><b>La muerte<\/b> <\/p>\n<p align=\"center\">Como a una hermana. Sin rubor. De frente    <br \/>y en un paso a nivel de mi avenida&#8230;     <br \/>\u00a1Quiero esperarte agradecidamente,     <br \/>como si hubiera entrado ya en la Vida!     <br \/>T\u00fa, el Principio y el Fin.     <br \/>Yo, un ahora peregrino     <br \/>desde Ti a Ti.     <br \/>Se\u00f1or, no quiero ser m\u00e1s que lo que soy: nada.     <br \/>Para que, de este modo,     <br \/>en mi mansi\u00f3n deshabitada     <br \/>T\u00fa, Hu\u00e9sped due\u00f1o, lo seas todo.<\/p>\n<p align=\"left\"><strong>Pere Casald\u00e1liga<\/strong><em>, Palabra Ungida.1955.      <\/em><\/p>\n","protected":false},"excerpt":{"rendered":"<p>Els primers dies de Novembre sempre s\u00f3n uns dies especials pels que celebrem Tots sants i el Dia dels Difunts. \u00c9s clar que aix\u00f2 ha canviat molt amb els anys i tamb\u00e9 canvia molt segons les cultures. No \u00e9s pas la mateixa cosa la celebraci\u00f3 cristiana aqu\u00ed a Europa, que la aquesta celebraci\u00f3 en les [&hellip;]<\/p>\n","protected":false},"author":214,"featured_media":0,"comment_status":"open","ping_status":"closed","sticky":false,"template":"","format":"standard","meta":{"_jetpack_memberships_contains_paid_content":false,"footnotes":"","jetpack_publicize_message":"","jetpack_publicize_feature_enabled":true,"jetpack_social_post_already_shared":false,"jetpack_social_options":{"image_generator_settings":{"template":"highway","default_image_id":0,"font":"","enabled":false},"version":2}},"categories":[189,5413,666,160,2941],"tags":[31829,3762,31854,31912],"class_list":["post-3100","post","type-post","status-publish","format-standard","hentry","category-cultura","category-pere-casaldaliga-esglesia-religio","category-religio","category-societat","category-vida-i-mort","tag-cultura","tag-pere-casaldaliga","tag-religio","tag-vida-i-mort"],"jetpack_publicize_connections":[],"jetpack_featured_media_url":"","jetpack_shortlink":"https:\/\/wp.me\/pagkjs-O0","jetpack-related-posts":[],"jetpack_sharing_enabled":true,"_links":{"self":[{"href":"https:\/\/blogs.avui.cat\/jaumepubill\/wp-json\/wp\/v2\/posts\/3100","targetHints":{"allow":["GET"]}}],"collection":[{"href":"https:\/\/blogs.avui.cat\/jaumepubill\/wp-json\/wp\/v2\/posts"}],"about":[{"href":"https:\/\/blogs.avui.cat\/jaumepubill\/wp-json\/wp\/v2\/types\/post"}],"author":[{"embeddable":true,"href":"https:\/\/blogs.avui.cat\/jaumepubill\/wp-json\/wp\/v2\/users\/214"}],"replies":[{"embeddable":true,"href":"https:\/\/blogs.avui.cat\/jaumepubill\/wp-json\/wp\/v2\/comments?post=3100"}],"version-history":[{"count":0,"href":"https:\/\/blogs.avui.cat\/jaumepubill\/wp-json\/wp\/v2\/posts\/3100\/revisions"}],"wp:attachment":[{"href":"https:\/\/blogs.avui.cat\/jaumepubill\/wp-json\/wp\/v2\/media?parent=3100"}],"wp:term":[{"taxonomy":"category","embeddable":true,"href":"https:\/\/blogs.avui.cat\/jaumepubill\/wp-json\/wp\/v2\/categories?post=3100"},{"taxonomy":"post_tag","embeddable":true,"href":"https:\/\/blogs.avui.cat\/jaumepubill\/wp-json\/wp\/v2\/tags?post=3100"}],"curies":[{"name":"wp","href":"https:\/\/api.w.org\/{rel}","templated":true}]}}