{"id":3098,"date":"2011-10-28T23:17:59","date_gmt":"2011-10-28T22:17:59","guid":{"rendered":"http:\/\/blogs.avui.cat\/jaumepubill\/?p=3098"},"modified":"2011-10-28T23:17:59","modified_gmt":"2011-10-28T22:17:59","slug":"no-s-res-ms-que-un-du-caigut","status":"publish","type":"post","link":"https:\/\/blogs.avui.cat\/jaumepubill\/2011\/10\/28\/no-s-res-ms-que-un-du-caigut\/","title":{"rendered":"No &eacute;s res m&eacute;s que un d&eacute;u caigut"},"content":{"rendered":"<p><img data-recalc-dims=\"1\" loading=\"lazy\" decoding=\"async\" style=\"float: none;margin-left: auto;margin-right: auto\" src=\"https:\/\/i0.wp.com\/4.bp.blogspot.com\/-WEqEWMG7Zko\/TqdOtWwlFkI\/AAAAAAAAB5A\/AYq_8f-B8sY\/s728\/viernes%2B023.JPG?resize=353%2C266\" width=\"353\" height=\"266\" \/><img data-recalc-dims=\"1\" loading=\"lazy\" decoding=\"async\" style=\"float: right\" align=\"right\" src=\"https:\/\/i0.wp.com\/1.bp.blogspot.com\/-S89wcWsTYx4\/TilnY4164OI\/AAAAAAAABxs\/IyKwxMQOi3A\/s728\/13Enero11%2B008.JPG?resize=210%2C312\" width=\"210\" height=\"312\" \/><img data-recalc-dims=\"1\" loading=\"lazy\" decoding=\"async\" src=\"https:\/\/i0.wp.com\/2.bp.blogspot.com\/-bbiUFUdZ3eY\/TilidOpyLHI\/AAAAAAAABwc\/av_ychAf9tg\/s728\/7septiembre2010%2B029.JPG?resize=213%2C314\" width=\"213\" height=\"314\" \/><\/p>\n<p><em><font color=\"#c0504d\" size=\"1\">Fotos tretes del blog \u201cEl arte es basura\u201d de l\u2019 artista Francisco de P\u00e1jaro.<\/font><\/em><\/p>\n<p align=\"justify\">Vull aprofitar unes fotos que he vist en un blog que us recomano -si teniu una estona- per parlar d\u2019un senyor (?) anomenat Gregorio Peces-Barba. Aquest blog \u00e9s obra d\u2019un artista de carrer que es diu <strong>Francisco de P\u00e1jaro<\/strong> i es titula<strong> <\/strong><a href=\"http:\/\/www.franciscodepajaro.net\/\" target=\"_blank\"><strong>EL ARTE ES BASURA<\/strong><\/a><strong>.<\/strong><\/p>\n<p align=\"justify\">A qu\u00e8 ve, em direu, aquesta estranya connexi\u00f3 entre Don Gregorio i aquest art-escombraries? Doncs, senzillament, que les paraules que aquest home ha dit fa un parell de dies m\u2019han fet pensar en aquell aforisme llat\u00ed :\u201dCorruptio optimi, pessima\u201d (la corrupci\u00f3 del millor \u2013o dels millors- es transforma en la pitjor cosa). Aquesta dita cl\u00e0ssica la podem aplicar a moltes persones, institucions, situacions o coses que en altres temps excel\u00b7lien en el seu \u00e0mbit i&#160; despr\u00e9s s\u2019han tornat en el pitjor de tot. Es donen molts cassos d\u2019aquest tipus i \u00e9s una aut\u00e8ntica ll\u00e0stima. L\u2019envelliment de les persones, per exemple, ja \u00e9s trist per si mateix. Per\u00f2 si aquest envelliment va acompanyat de repapieig \u00e9s tr\u00e0gic!<\/p>\n<p align=\"justify\">Peces-Barba ha estat una esp\u00e8cies de d\u00e9u prof\u00e0 en una Espanya que mai ha acabat d\u2019entendre res del que est\u00e0 passant -fa segles- al seu voltant. Un \u201cpadre de la Patria\u201d, tot un s\u00edmbol d\u2019obertura democr\u00e0tica en temps de la dictadura quan escrivia a \u201cCuadernos para el di\u00e1logo\u201d de Ruiz Jim\u00e9nez (un altre mite que se n\u2019ha anat en orris). Les vegades que jo havia gaudit llegint coses interessants en aquella m\u00edtica revista! Eren altres temps i aquesta gent encara tenien el cap a lloc i gaudien de totes les facultats. Per\u00f2 ja se sap que les facultats van minvant i, amb els anys, hom \u00e9s procliu a perdre el senderi, repapiejar i dir bajanades. <\/p>\n<p align=\"justify\">\u00c9s com l\u2019art d\u2019aquest artista urb\u00e0 del que us parlo avui. Fa art de qualsevol deixalla. Qualsevol cosa pot convertir-se en art, per\u00f2 tamb\u00e9 l\u2019art en s\u00ed mateix \u00e9s escombraries, diu ell. L\u2019excels pot transformar-se en porqueria i la porqueria pot ser excelsa; dep\u00e8n de com es miri i dep\u00e8n de com es facin servir les paraules i les coses.<\/p>\n<p align=\"justify\">Don Gregorio, miri de no fer m\u00e9s el rid\u00edcul que \u201cel arte es basura\u201d i potser vost\u00e8 s\u2019est\u00e0 convertint en escombraries sense adonar-se\u2019n!<\/p>\n","protected":false},"excerpt":{"rendered":"<p>Fotos tretes del blog \u201cEl arte es basura\u201d de l\u2019 artista Francisco de P\u00e1jaro. Vull aprofitar unes fotos que he vist en un blog que us recomano -si teniu una estona- per parlar d\u2019un senyor (?) anomenat Gregorio Peces-Barba. Aquest blog \u00e9s obra d\u2019un artista de carrer que es diu Francisco de P\u00e1jaro i es [&hellip;]<\/p>\n","protected":false},"author":214,"featured_media":0,"comment_status":"open","ping_status":"closed","sticky":false,"template":"","format":"standard","meta":{"_jetpack_memberships_contains_paid_content":false,"footnotes":"","jetpack_publicize_message":"","jetpack_publicize_feature_enabled":true,"jetpack_social_post_already_shared":false,"jetpack_social_options":{"image_generator_settings":{"template":"highway","default_image_id":0,"font":"","enabled":false},"version":2}},"categories":[6648,172],"tags":[1890,28571,31828],"class_list":["post-3098","post","type-post","status-publish","format-standard","hentry","category-arts","category-politica","tag-art","tag-gregorio-peces-barba","tag-politica"],"jetpack_publicize_connections":[],"jetpack_featured_media_url":"","jetpack_shortlink":"https:\/\/wp.me\/pagkjs-NY","jetpack-related-posts":[],"jetpack_sharing_enabled":true,"_links":{"self":[{"href":"https:\/\/blogs.avui.cat\/jaumepubill\/wp-json\/wp\/v2\/posts\/3098","targetHints":{"allow":["GET"]}}],"collection":[{"href":"https:\/\/blogs.avui.cat\/jaumepubill\/wp-json\/wp\/v2\/posts"}],"about":[{"href":"https:\/\/blogs.avui.cat\/jaumepubill\/wp-json\/wp\/v2\/types\/post"}],"author":[{"embeddable":true,"href":"https:\/\/blogs.avui.cat\/jaumepubill\/wp-json\/wp\/v2\/users\/214"}],"replies":[{"embeddable":true,"href":"https:\/\/blogs.avui.cat\/jaumepubill\/wp-json\/wp\/v2\/comments?post=3098"}],"version-history":[{"count":0,"href":"https:\/\/blogs.avui.cat\/jaumepubill\/wp-json\/wp\/v2\/posts\/3098\/revisions"}],"wp:attachment":[{"href":"https:\/\/blogs.avui.cat\/jaumepubill\/wp-json\/wp\/v2\/media?parent=3098"}],"wp:term":[{"taxonomy":"category","embeddable":true,"href":"https:\/\/blogs.avui.cat\/jaumepubill\/wp-json\/wp\/v2\/categories?post=3098"},{"taxonomy":"post_tag","embeddable":true,"href":"https:\/\/blogs.avui.cat\/jaumepubill\/wp-json\/wp\/v2\/tags?post=3098"}],"curies":[{"name":"wp","href":"https:\/\/api.w.org\/{rel}","templated":true}]}}