{"id":3072,"date":"2011-10-12T19:34:14","date_gmt":"2011-10-12T18:34:14","guid":{"rendered":"http:\/\/blogs.avui.cat\/jaumepubill\/?p=3072"},"modified":"2011-10-12T19:34:14","modified_gmt":"2011-10-12T18:34:14","slug":"999-entrades-i-888-comentaris","status":"publish","type":"post","link":"https:\/\/blogs.avui.cat\/jaumepubill\/2011\/10\/12\/999-entrades-i-888-comentaris\/","title":{"rendered":"999 entrades i 888 comentaris"},"content":{"rendered":"<p>&#160;<\/p>\n<p><a href=\"https:\/\/i0.wp.com\/blogs.avui.cat\/jaumepubill\/files\/2011\/10\/image.png\"><img data-recalc-dims=\"1\" loading=\"lazy\" decoding=\"async\" style=\"border-right-width: 0px;padding-left: 0px;padding-right: 0px;border-top-width: 0px;border-bottom-width: 0px;border-left-width: 0px;padding-top: 0px\" border=\"0\" alt=\"image\" src=\"https:\/\/i0.wp.com\/blogs.avui.cat\/jaumepubill\/files\/2011\/10\/image_thumb.png?resize=460%2C293\" width=\"460\" height=\"293\" \/><\/a><\/p>\n<p align=\"justify\">Aquesta \u00e9s la captura de pantalla que he fet avui del tauler del meu blog. Aquestes s\u00f3n, doncs, les curioses dades del meu blog al dia d\u2019avui: <\/p>\n<p align=\"justify\"><strong><font color=\"#ff0000\" size=\"5\">999 Entrades al blog<\/font><\/strong><\/p>\n<p align=\"justify\"><strong><font color=\"#ff0000\" size=\"5\">888 Comentaris<\/font><\/strong><\/p>\n<p align=\"justify\">Un munt de temes m\u00e9s o menys ben escrits i un munt d\u2019hores passades al blog. <\/p>\n<p align=\"justify\"><strong>A PEU<\/strong> vol ser un blog sense pretensions de cap mena. \u00c9s un blog humil, senzill, obert a qualsevol tema i \u2013per tant- potser una mica superficial. No s\u00f3c especialista en cap tema, no s\u00e9 molt de res i molt poc de moltes coses. Per tant, no hi veniu a buscar gran cosa que no hi trobareu res que valgui massa la pena. <\/p>\n<p align=\"justify\">El dia de Sant Bartomeu \u2013o sigui el 24 d\u2019Agost- de 2008 comen\u00e7ava e escriure el meu primer post que deia aix\u00ed:<\/p>\n<blockquote>\n<h4 align=\"justify\"><a href=\"http:\/\/blogs.avui.cat\/jaumepubill\/?p=3\">Hola a tothom.<\/a><\/h4>\n<p align=\"justify\"><em>M\u2019agrada anar a peu. No s\u00f3c un gran caminador, per\u00f2 m\u2019agrada passejar. Trobo que \u00e9s la manera de veure i observar millor les coses, les persones, els paisatges.<\/em><em> <\/em><em><\/em><em><\/em><em>I, entre tant, vas pensant\u2026<\/em><em> <\/em><em><\/em><em><\/em><em>El bloc voldria que em serv\u00eds per passejar per la vida, tot observant-la, i fer de tant en tant algun comentari gens pretensi\u00f3s. Simplement dir el que penso. I si alg\u00fa vol fer-ne un comentari, ser\u00e0 molt ben vingut.<\/em><\/p>\n<\/blockquote>\n<p align=\"justify\"><font color=\"#666666\">Vol dir que ja fa tres anys que tinc el blog. Acabava d\u2019arribar del Delta de l\u2019 Ebre on havia passat uns dies de vacances. feia temps que llegia blogs i m\u2019hi havia enganxat una mica. Durant aquells dies em vaig decidir a obrer-ne un, cosa que vaig fer tant aviat com vaig arribar a casa, amb molta il\u00b7lusi\u00f3, amb moltes ganes, per\u00f2 tamb\u00e9 amb total desconeixement d\u2019aquest mitj\u00e0.<\/font><\/p>\n<p align=\"justify\">I aqu\u00ed em teniu! Dem\u00e0, si D\u00e9u vol, escriur\u00e9 el post n\u00famero <strong>1000. <\/strong>No ser\u00e0 cap post especial ni penso dir res de l\u2019altre m\u00f3n, per\u00f2 s\u00ed que m\u2019ha fet gr\u00e0cia fer-ho notar. Els n\u00fameros rodons sempre tenen alguna cosa d\u2019especial. O potser no en tenen res d\u2019especial, per\u00f2 som nosaltres que els hi donem un significat. Potser \u00e9s la il\u00b7lusi\u00f3 que ens fa\u2026<\/p>\n<p align=\"justify\">No me\u2019n penedeixo gens ni mica d\u2019haver-lo comen\u00e7at, ni he sentit \u2013encara- la temptaci\u00f3 de deixar-lo. Tot al contrari: hi he passat molts bons moments i crec que m\u2019ha servit de ter\u00e0pia. Com que no esperava res, tampoc m\u2019he sentit defraudat de res. M\u2019hauria agradat tenir m\u00e9s comentaris per tal de poder debatre opinions i punts de vista. \u00c9s veritat que algunes vegades n\u2019he tingut algun que no s\u2019ha fet p\u00fablic perqu\u00e8 m\u2019ha arribat via Mail. Per\u00f2 estic content dels que he rebut i dono les gr\u00e0cies a tots els que, de forma ass\u00eddua o ocasional, hi han entrat i segueixen entrant-hi. Alguns s\u00e9 que em seguiu amb molta fidelitat perqu\u00e8 m\u2019ho heu dit personalment i m\u2019heu animat a continuar, sense entendre de la meva part qu\u00e8 \u00e9s el que hi trobeu exactament per seguir al peu del can\u00f3. \u00c9s igual. A vegades fem les coses sense massa raons i sense motius expl\u00edcits.<\/p>\n<p align=\"justify\">Per tant, seguir\u00e9 mentre en tingui ganes i vosaltres tamb\u00e9 seguiu llegint-me mentre en tingueu ganes. Ni jo, ni vosaltres, ens hem de sentir obligats a res.<\/p>\n<p align=\"justify\">Moltes gr\u00e0cies. <\/p>\n","protected":false},"excerpt":{"rendered":"<p>&#160; Aquesta \u00e9s la captura de pantalla que he fet avui del tauler del meu blog. Aquestes s\u00f3n, doncs, les curioses dades del meu blog al dia d\u2019avui: 999 Entrades al blog 888 Comentaris Un munt de temes m\u00e9s o menys ben escrits i un munt d\u2019hores passades al blog. A PEU vol ser un [&hellip;]<\/p>\n","protected":false},"author":214,"featured_media":0,"comment_status":"open","ping_status":"closed","sticky":false,"template":"","format":"standard","meta":{"_jetpack_memberships_contains_paid_content":false,"footnotes":"","jetpack_publicize_message":"","jetpack_publicize_feature_enabled":true,"jetpack_social_post_already_shared":false,"jetpack_social_options":{"image_generator_settings":{"template":"highway","default_image_id":0,"font":"","enabled":false},"version":2}},"categories":[3787,685],"tags":[31920,31856],"class_list":["post-3072","post","type-post","status-publish","format-standard","hentry","category-a-peu","category-blogs","tag-a-peu","tag-blogs"],"jetpack_publicize_connections":[],"jetpack_featured_media_url":"","jetpack_shortlink":"https:\/\/wp.me\/pagkjs-Ny","jetpack-related-posts":[],"jetpack_sharing_enabled":true,"_links":{"self":[{"href":"https:\/\/blogs.avui.cat\/jaumepubill\/wp-json\/wp\/v2\/posts\/3072","targetHints":{"allow":["GET"]}}],"collection":[{"href":"https:\/\/blogs.avui.cat\/jaumepubill\/wp-json\/wp\/v2\/posts"}],"about":[{"href":"https:\/\/blogs.avui.cat\/jaumepubill\/wp-json\/wp\/v2\/types\/post"}],"author":[{"embeddable":true,"href":"https:\/\/blogs.avui.cat\/jaumepubill\/wp-json\/wp\/v2\/users\/214"}],"replies":[{"embeddable":true,"href":"https:\/\/blogs.avui.cat\/jaumepubill\/wp-json\/wp\/v2\/comments?post=3072"}],"version-history":[{"count":0,"href":"https:\/\/blogs.avui.cat\/jaumepubill\/wp-json\/wp\/v2\/posts\/3072\/revisions"}],"wp:attachment":[{"href":"https:\/\/blogs.avui.cat\/jaumepubill\/wp-json\/wp\/v2\/media?parent=3072"}],"wp:term":[{"taxonomy":"category","embeddable":true,"href":"https:\/\/blogs.avui.cat\/jaumepubill\/wp-json\/wp\/v2\/categories?post=3072"},{"taxonomy":"post_tag","embeddable":true,"href":"https:\/\/blogs.avui.cat\/jaumepubill\/wp-json\/wp\/v2\/tags?post=3072"}],"curies":[{"name":"wp","href":"https:\/\/api.w.org\/{rel}","templated":true}]}}