{"id":2935,"date":"2011-08-29T10:29:32","date_gmt":"2011-08-29T09:29:32","guid":{"rendered":"http:\/\/blogs.avui.cat\/jaumepubill\/?p=2935"},"modified":"2011-08-29T10:29:32","modified_gmt":"2011-08-29T09:29:32","slug":"blogs-i-actualitat","status":"publish","type":"post","link":"https:\/\/blogs.avui.cat\/jaumepubill\/2011\/08\/29\/blogs-i-actualitat\/","title":{"rendered":"Blogs i actualitat"},"content":{"rendered":"<h5 align=\"justify\"><a href=\"http:\/\/upload.wikimedia.org\/wikipedia\/commons\/thumb\/9\/99\/Umberto_Eco_02.jpg\/721px-Umberto_Eco_02.jpg\"><img loading=\"lazy\" decoding=\"async\" style=\"margin: 0px 15px 0px 0px;float: left\" border=\"0\" alt=\"\" align=\"left\" src=\"http:\/\/upload.wikimedia.org\/wikipedia\/commons\/thumb\/9\/99\/Umberto_Eco_02.jpg\/721px-Umberto_Eco_02.jpg\" width=\"260\" height=\"216\" \/><\/a>\u201c<font>Sovint llegeixo les publicacions temps despr\u00e9s de la seva aparici\u00f3, per la senzilla ra\u00f3 que no puc llegir-ho tot quan acaba de sortir (a m\u00e9s, en \u00faltima inst\u00e0ncia, tamb\u00e9 vaig llegir la Il\u00b7l\u00edada gaireb\u00e9 tres mil anys m\u00e9s tard)\u201d<\/font><\/h5>\n<p align=\"justify\"><font color=\"#ff0000\">Autor: <\/font><a href=\"http:\/\/ca.wikipedia.org\/wiki\/Umberto_Eco\"><font color=\"#ff0000\">Umberto Eco<\/font><\/a><font color=\"#ff0000\"> (Alessandria, Piemont, 1932), escriptor itali\u00e0.<\/font><\/p>\n<p align=\"justify\">Acabo de llegir al blog <a href=\"http:\/\/diccitionari.blogspot.com\/2011\/08\/sovint-llegeixo-les-publicacions-temps.html\" target=\"_blank\">Diccitionari<\/a> (un blog que es dedica a recollir cites interessants) aquesta que us acabo de posar aqu\u00ed al damunt. M\u2019ha fet pensar en els tipus de blogs que llegeixo. \u00c9s com una esp\u00e8cie de mania aix\u00f2 de llegir blogs. Abans llegia m\u00e9s llibres i ara llegeixo m\u00e9s articles, diaris i \u2013sobretot- blogs. Ja he explicat m\u00e9s d\u2019una vegada que el meu blog va n\u00e9ixer del fet de llegir-ne d\u2019altres, alguns molt interessants.<\/p>\n<p align=\"justify\">Llegeixo blogs de tota mena i ben diferents els uns dels altres. Alguns els segueixo amb una fidelitat tant indestructible que els seus autors se\u2019n farien creus. Altres, nom\u00e9s els llegeixo de tant en tant per\u00f2 m\u2019agrada deixar-m\u2019hi caure alguna estona recordant algun bon moment que vaig passar llegint algun post anterior. Alguns no em deceben mai i altres em deceben tan sovint que, al cap d\u2019uns dies, els oblido per sempre m\u00e9s. I \u2013finalment- hi ha aquells als que hi aterro per pura casualitat i per pura xiripa, anant d\u2019un lloc a l\u2019altre per matar el temps.<\/p>\n<p align=\"justify\">Hi ha una varietat de blogs tan gran que es fa quasi impossible fer-ne una classificaci\u00f3 ben feta. Per\u00f2 jo diria que hi han dos grans grups: els que tracten temes d\u2019actualitat i els que toquen temes intemporals. Uns i altres els trobo prou interessants perqu\u00e8 \u00e9s bo estar al dia de les coses i tenir diferents punts de vista de la realitat. Per\u00f2 potser encara ho \u00e9s m\u00e9s d\u2019interessant aquell post que et fa pensar, que et fa gaudir, que et transporta, que et fa vibrar l\u2019esperit amb paraules profundes o simplement boniques i adequades. <\/p>\n<p align=\"justify\">Per aix\u00f2 li dono tota la ra\u00f3 a Umberto Eco: les coses interessants no importa massa quan les llegim. Importa llegir-les. Sigui m\u00e9s d\u2019hora o m\u00e9s tard. Per tant, seguir\u00e9 amb la meva d\u00e8ria de llegir blogs, fet que a l\u2019estiu \u00e9s sempre m\u00e9s interessant perqu\u00e8 hi ha m\u00e9s temps. Us ho recomano!<\/p>\n","protected":false},"excerpt":{"rendered":"<p>\u201cSovint llegeixo les publicacions temps despr\u00e9s de la seva aparici\u00f3, per la senzilla ra\u00f3 que no puc llegir-ho tot quan acaba de sortir (a m\u00e9s, en \u00faltima inst\u00e0ncia, tamb\u00e9 vaig llegir la Il\u00b7l\u00edada gaireb\u00e9 tres mil anys m\u00e9s tard)\u201d Autor: Umberto Eco (Alessandria, Piemont, 1932), escriptor itali\u00e0. Acabo de llegir al blog Diccitionari (un blog [&hellip;]<\/p>\n","protected":false},"author":214,"featured_media":0,"comment_status":"open","ping_status":"closed","sticky":false,"template":"","format":"standard","meta":{"_jetpack_memberships_contains_paid_content":false,"footnotes":"","jetpack_publicize_message":"","jetpack_publicize_feature_enabled":true,"jetpack_social_post_already_shared":false,"jetpack_social_options":{"image_generator_settings":{"template":"highway","default_image_id":0,"font":"","enabled":false},"version":2}},"categories":[4298,685,189,5006,440,81],"tags":[31925,31940,31840,31822],"class_list":["post-2935","post","type-post","status-publish","format-standard","hentry","category-blogs-que-segueixo","category-blogs","category-cultura","category-lectura","category-literatura","category-mitjans-de-comunicacio","tag-blogs-que-segueixo","tag-lectura","tag-literatura","tag-mitjans-de-comunicacio"],"jetpack_publicize_connections":[],"jetpack_featured_media_url":"","jetpack_shortlink":"https:\/\/wp.me\/pagkjs-Ll","jetpack-related-posts":[],"jetpack_sharing_enabled":true,"_links":{"self":[{"href":"https:\/\/blogs.avui.cat\/jaumepubill\/wp-json\/wp\/v2\/posts\/2935","targetHints":{"allow":["GET"]}}],"collection":[{"href":"https:\/\/blogs.avui.cat\/jaumepubill\/wp-json\/wp\/v2\/posts"}],"about":[{"href":"https:\/\/blogs.avui.cat\/jaumepubill\/wp-json\/wp\/v2\/types\/post"}],"author":[{"embeddable":true,"href":"https:\/\/blogs.avui.cat\/jaumepubill\/wp-json\/wp\/v2\/users\/214"}],"replies":[{"embeddable":true,"href":"https:\/\/blogs.avui.cat\/jaumepubill\/wp-json\/wp\/v2\/comments?post=2935"}],"version-history":[{"count":1,"href":"https:\/\/blogs.avui.cat\/jaumepubill\/wp-json\/wp\/v2\/posts\/2935\/revisions"}],"predecessor-version":[{"id":2939,"href":"https:\/\/blogs.avui.cat\/jaumepubill\/wp-json\/wp\/v2\/posts\/2935\/revisions\/2939"}],"wp:attachment":[{"href":"https:\/\/blogs.avui.cat\/jaumepubill\/wp-json\/wp\/v2\/media?parent=2935"}],"wp:term":[{"taxonomy":"category","embeddable":true,"href":"https:\/\/blogs.avui.cat\/jaumepubill\/wp-json\/wp\/v2\/categories?post=2935"},{"taxonomy":"post_tag","embeddable":true,"href":"https:\/\/blogs.avui.cat\/jaumepubill\/wp-json\/wp\/v2\/tags?post=2935"}],"curies":[{"name":"wp","href":"https:\/\/api.w.org\/{rel}","templated":true}]}}