{"id":2929,"date":"2011-08-25T10:40:44","date_gmt":"2011-08-25T09:40:44","guid":{"rendered":"http:\/\/blogs.avui.cat\/jaumepubill\/?p=2929"},"modified":"2011-08-25T10:40:44","modified_gmt":"2011-08-25T09:40:44","slug":"lder-espiritual","status":"publish","type":"post","link":"https:\/\/blogs.avui.cat\/jaumepubill\/2011\/08\/25\/lder-espiritual\/","title":{"rendered":"L&iacute;der espiritual?"},"content":{"rendered":"<p align=\"justify\"><img data-recalc-dims=\"1\" loading=\"lazy\" decoding=\"async\" style=\"margin: 0px 12px 0px 0px;float: left\" align=\"left\" src=\"https:\/\/i0.wp.com\/1.bp.blogspot.com\/_gMB_tNnnWkU\/SogqJ2cXHJI\/AAAAAAAAXEk\/1n4jQbIvkOE\/s400\/ciego.jpg?resize=275%2C201\" width=\"275\" height=\"201\" \/>Ja ha marxat el Papa. Ha fet molt rebombori. Ha mogut molta gent, ha remogut tota una ciutat, n\u2019han parlat molt els diaris, les r\u00e0dios i les TV&#160; i, de mica en mica, tot anir\u00e0 tornant a la normalitat de sempre.<\/p>\n<p align=\"justify\">Segurament que molts nois i noies s\u2019hauran emportat cap a casa un munt de sensacions positives i una experi\u00e8ncia que els costar\u00e0 oblidar. Tant de bo hagi estat ben positiva!<\/p>\n<p align=\"justify\">A altres ens seguir\u00e0 quedant una s\u00e8rie d\u2019interrogants i el dubte de si aquest \u00e9s el cam\u00ed adequat que ha de fer servir l\u2019Esgl\u00e9sia\u2026<\/p>\n<p align=\"justify\">Alguns desitjar\u00edem un Papa diferent pels diferents temps que ens toca viure. No s\u00e9 exactament si necessitem un l\u00edder com ell. A mi m\u2019agradaria m\u00e9s un un Bisbe de Roma, m\u00e9s senzill i que sigui un Pastor Universal que comprengui les diverses sensibilitats que hi ha repartides pel m\u00f3n.<\/p>\n<p align=\"justify\">Per aix\u00f2 voldria fer-me eco del que molts cristians (<a href=\"http:\/\/www.somesglesia-cat.org\/index.html\" target=\"_blank\">S\u00d3M ESGL\u00c9SIA<\/a>) que no hem anat a Madrid voldr\u00edem:<\/p>\n<p align=\"justify\"><b><\/b><\/p>\n<ul>\n<li>\n<div align=\"justify\">Voldr\u00edem tornar a escoltar Jes\u00fas i els seus primers deixebles que predicaven la igualtat de totes les persones (Mat. 23, 11-12; Lc. 22, 24-26; G\u00e0l. 3, 28). <\/div>\n<\/li>\n<li>\n<div align=\"justify\">Voldr\u00edem una esgl\u00e9sia que valori el di\u00e0leg i la just\u00edcia en el si de la seva pr\u00f2pia vida com tamb\u00e9 en el seu apropament al m\u00f3n. Ens cal restablir una esgl\u00e9sia que respecti i celebri la nostra diversitat planet\u00e0ria, una esgl\u00e9sia on regni la llibertat de viure la nostra fe de diverses maneres en cultures diferents. Ens cal ressuscitar una esgl\u00e9sia que reconegui la import\u00e0ncia de les esgl\u00e9sies locals on es proclami la Paraula d&#8217;una manera que pugui \u00e9sser compresa per les diferents cultures. <\/div>\n<\/li>\n<li>\n<div align=\"justify\">Voldr\u00edem una esgl\u00e9sia que re instauri la pr\u00e0ctica de l&#8217;esgl\u00e9sia primitiva i que es desenvolupin estructures que permetin participar de forma eminent el Poble de D\u00e9u, en l&#8217;elecci\u00f3 d&#8217;aquells que hagin de dirigir l&#8217;esgl\u00e9sia. Tamb\u00e9 inclouria l&#8217;elecci\u00f3 del Papa, el Bisbe de Roma. <\/div>\n<\/li>\n<li>\n<div align=\"justify\">Seria una ajuda important en la renovaci\u00f3 de la nostra esgl\u00e9sia que hi hagu\u00e9s un l\u00edder capa\u00e7 de llegir els &quot;signes dels temps&quot; d&#8217;acord amb el poble, un Bisbe de Roma col\u00b7laborador, capa\u00e7 tant d&#8217;escoltar com de proclamar, de dialogar com d&#8217;ensenyar. Necessitem un l\u00edder que aculli de deb\u00f2 i consulti el <i>sensus fidelium <\/i>(sentit dels fidels).<\/div>\n<\/li>\n<li>\n<div align=\"justify\">Necessitem sobretot un l\u00edder que reconegui el despertar de la consci\u00e8ncia de les dones com un rellevant &quot;signe dels nostres temps.&quot; Les dones que representen m\u00e9s de la meitat de la nostra esgl\u00e9sia han adquirit consci\u00e8ncia de la seva dignitat i igualtat amb els homes. Estan demanant a la comunitat de fe que respecti i posi en pr\u00e0ctica aquesta igualtat en el si de la seva pr\u00f2pia vida.<\/div>\n<\/li>\n<li>\n<div align=\"justify\">Necessitem un Bisbe de Roma que respecti les nostres difer\u00e8ncies i que ens esperoni a viure l&#8217;Evangeli.<\/div>\n<\/li>\n<li>\n<div align=\"justify\">Necessitem un Papa que distingeixi entre el seu ministeri pastoral com Bisbe de Roma i el ministeri de Pere en el qual es troba en di\u00e0leg amb l&#8217;esgl\u00e9sia universal. Com bisbe de Roma, serveix als fidels de Roma com qualsevol altre bisbe est\u00e0 al servei de la seva di\u00f2cesi. S&#8217;hauria de jubilar a l&#8217;edat establerta per a tots els bisbes. Com a president de l&#8217;\u00ab\u00e0gape\u00bb mundial, actuaria com un germ\u00e0 bisbe que convida els bisbes de tot el m\u00f3n a compartir el lideratge amb ell i amb altres membres del Poble de D\u00e9u cridats a aquesta tasca pels fidels. Amb aquest esperit, reformaria la C\u00faria (el gabinet papal) perqu\u00e8, enlloc de dominar, serveixi als altres bisbes i a l&#8217;Esgl\u00e9sia universal.<\/div>\n<\/li>\n<li>\n<div align=\"justify\">Necessitem un Bisbe de Roma i un Pastor Universal que sigui, primordialment:<\/div>\n<\/li>\n<\/ul>\n<p align=\"justify\">\u00b7 Un l\u00edder amb visi\u00f3 de futur que promogui un profund discerniment sobre els ministeris per tot el Poble de D\u00e9u i els cridi per estudiar la possibilitat d&#8217;acollir totes aquelles persones que tinguin la necess\u00e0ria qualificaci\u00f3 per seguir la crida a un ministeri, sense fer distincions ni per ra\u00f3 de g\u00e8nere, ni pel seu estat matrimonial, ni per la seva orientaci\u00f3 sexual;<\/p>\n<p align=\"justify\">\u00b7 Una persona respectuosa de la consci\u00e8ncia dels cat\u00f2lics i les cat\u00f2liques que impulsi un aut\u00e8ntic di\u00e0leg p\u00fablic sobre les teologies, l&#8217;ensenyament moral i els comportaments dins de l&#8217;esgl\u00e9sia a fi que la nostra comunitat de fe pugui compartir experi\u00e8ncies, comen\u00e7ar a guarir-se de la seva alienaci\u00f3 i ressuscitar un sentit d&#8217;unitat i d&#8217;entusiasme per la fe;<\/p>\n<p align=\"justify\">\u00b7 Un pastor que encoratgi la llibertat acad\u00e8mica pels te\u00f2legs i te\u00f2logues i altres estudiosos amb la finalitat de promoure una sana diversitat d&#8217;opinions en l&#8217;esgl\u00e9sia;<\/p>\n<p align=\"justify\">\u00b7 Un reconciliador que aculli tan els &quot;liberals&quot; com els &quot;conservadors&quot; per a compartir la mateixa esgl\u00e9sia;<\/p>\n<p align=\"justify\">\u00b7 Un l\u00edder que reconegui el pluralisme cultural de l&#8217;Esgl\u00e9sia i celebri la diversitat que floreix en diferents llocs del nostre m\u00f3n;<\/p>\n<p align=\"justify\">\u00b7 Un col\u00b7laborador amb sensibilitat hist\u00f2rica, disposat a restaurar la tradici\u00f3 de la plena participaci\u00f3 del poble en l&#8217;esgl\u00e9sia, que convidi a tots els cat\u00f2lics i cat\u00f2liques a compartir el govern i la presa de decisions, incloent-hi l&#8217;elecci\u00f3 dels l\u00edders eclesials;<\/p>\n<p align=\"justify\">\u00b7 Un pioner que convidi a prendre iniciatives i a experimentar i que demana als cat\u00f2lics i cat\u00f2liques que desenvolupin un sentit adult de responsabilitat envers la seva comunitat de fe;<\/p>\n<p align=\"justify\">\u00b7 Un ecumenista que es comprometi en un di\u00e0leg seri\u00f3s amb els cristians de les tradicions de la Reforma i de l&#8217;Ortod\u00f2xia, en un esfor\u00e7 per aconseguir el somni de la unitat de la Cristiandat;<\/p>\n<p align=\"justify\">\u00b7 Un germ\u00e0 del poble jueu que treballi pel desmantellament de qualsevol vestigi d&#8217;antisemitisme i construeixi lla\u00e7os forts de parentiu espiritual, reconeixent la nostra her\u00e8ncia comuna que prov\u00e9 d&#8217;Abraham i de Sara;<\/p>\n<p align=\"justify\">\u00b7 Un estudi\u00f3s de les altres tradicions religioses, fora del Cristianisme i del Judaisme, que aprovi el di\u00e0leg interreligi\u00f3s i procuri aprendre de la rica diversitat de comprensions d&#8217;aquestes tradicions;<\/p>\n<p align=\"justify\">\u00b7 Una persona els bra\u00e7os de la qual s&#8217;obrin amorosament per abra\u00e7ar el m\u00f3n i que la seva pol\u00edtica sigui expressi\u00f3 d&#8217;una solidaritat especial amb els pobres i els oprimits;<\/p>\n<p align=\"justify\">\u00b7 Un profeta que promogui incansablement la just\u00edcia, la igualtat, la pau i la no-viol\u00e8ncia en el nostre m\u00f3n i en la nostra esgl\u00e9sia;<\/p>\n<p align=\"justify\">\u00b7 Un amant de la terra que reconegui i promogui la integritat de la creaci\u00f3;<\/p>\n<p align=\"justify\">\u00b7 Una \u00e0nima generosa amb sentit de l&#8217;humor i<\/p>\n<p align=\"justify\">\u00b7 Un Germ\u00e0 Bisbe que eviti joiosament els paranys dels poderosos d&#8217;aquest m\u00f3n (Lc. 22, 25-26) i que camini amb nosaltres a fi que tots plegats recreem la nostra comunitat de fe a fi que l&#8217;Esperit de Jes\u00fas sigui viu en el tercer mil\u00b7lenni.<\/p>\n","protected":false},"excerpt":{"rendered":"<p>Ja ha marxat el Papa. Ha fet molt rebombori. Ha mogut molta gent, ha remogut tota una ciutat, n\u2019han parlat molt els diaris, les r\u00e0dios i les TV&#160; i, de mica en mica, tot anir\u00e0 tornant a la normalitat de sempre. Segurament que molts nois i noies s\u2019hauran emportat cap a casa un munt de [&hellip;]<\/p>\n","protected":false},"author":214,"featured_media":0,"comment_status":"open","ping_status":"closed","sticky":false,"template":"","format":"standard","meta":{"_jetpack_memberships_contains_paid_content":false,"footnotes":"","jetpack_publicize_message":"","jetpack_publicize_feature_enabled":true,"jetpack_social_post_already_shared":false,"jetpack_social_options":{"image_generator_settings":{"template":"highway","default_image_id":0,"font":"","enabled":false},"version":2}},"categories":[77],"tags":[31820],"class_list":["post-2929","post","type-post","status-publish","format-standard","hentry","category-esglesia","tag-esglesia"],"jetpack_publicize_connections":[],"jetpack_featured_media_url":"","jetpack_shortlink":"https:\/\/wp.me\/pagkjs-Lf","jetpack-related-posts":[],"jetpack_sharing_enabled":true,"_links":{"self":[{"href":"https:\/\/blogs.avui.cat\/jaumepubill\/wp-json\/wp\/v2\/posts\/2929","targetHints":{"allow":["GET"]}}],"collection":[{"href":"https:\/\/blogs.avui.cat\/jaumepubill\/wp-json\/wp\/v2\/posts"}],"about":[{"href":"https:\/\/blogs.avui.cat\/jaumepubill\/wp-json\/wp\/v2\/types\/post"}],"author":[{"embeddable":true,"href":"https:\/\/blogs.avui.cat\/jaumepubill\/wp-json\/wp\/v2\/users\/214"}],"replies":[{"embeddable":true,"href":"https:\/\/blogs.avui.cat\/jaumepubill\/wp-json\/wp\/v2\/comments?post=2929"}],"version-history":[{"count":0,"href":"https:\/\/blogs.avui.cat\/jaumepubill\/wp-json\/wp\/v2\/posts\/2929\/revisions"}],"wp:attachment":[{"href":"https:\/\/blogs.avui.cat\/jaumepubill\/wp-json\/wp\/v2\/media?parent=2929"}],"wp:term":[{"taxonomy":"category","embeddable":true,"href":"https:\/\/blogs.avui.cat\/jaumepubill\/wp-json\/wp\/v2\/categories?post=2929"},{"taxonomy":"post_tag","embeddable":true,"href":"https:\/\/blogs.avui.cat\/jaumepubill\/wp-json\/wp\/v2\/tags?post=2929"}],"curies":[{"name":"wp","href":"https:\/\/api.w.org\/{rel}","templated":true}]}}