{"id":2874,"date":"2011-08-10T15:24:24","date_gmt":"2011-08-10T14:24:24","guid":{"rendered":"http:\/\/blogs.avui.cat\/jaumepubill\/?p=2874"},"modified":"2011-08-10T15:24:24","modified_gmt":"2011-08-10T14:24:24","slug":"la-copa-de-la-vergonya","status":"publish","type":"post","link":"https:\/\/blogs.avui.cat\/jaumepubill\/2011\/08\/10\/la-copa-de-la-vergonya\/","title":{"rendered":"La copa de la vergonya"},"content":{"rendered":"<p align=\"justify\"><img decoding=\"async\" style=\"margin: 0px 9px 0px 0px;float: left\" align=\"left\" src=\"http:\/\/t0.gstatic.com\/images?q=tbn:ANd9GcTPz-Y9w3Jht5NJFGybwd1106pp0WAAS1pgG47wbe7RqOduK72tRQ\" \/>La <strong>Copa Catalunya<\/strong> de futbol entre tots aconseguiran que sigui la copa de la vergonya. Any rere any s\u2019hi esforcen m\u00e9s. I no em refereixo pas a arreglar l\u2019actual situaci\u00f3, sin\u00f3 a espatllar-la. <\/p>\n<p align=\"justify\">I no valen excuses de que no hi ha dates per jugar-la i que el calendari est\u00e0 carregat. Per jugar-la d\u2019aquesta manera val m\u00e9s que no es jugui. De la mateixa manera que no cal tenir selecci\u00f3 catalana de futbol si s\u2019ha de continuar fent el rid\u00edcul com fins ara, fent un partit a l\u2019any i amb dates inadequades. Si els clubs s\u2019han de plantar que es plantin, per\u00f2 aix\u00ed no es pot continuar.<\/p>\n<p align=\"justify\">L\u2019espectacle que \u2013un any m\u00e9s- es va veure ahir feia ll\u00e0stima. Equips que sembla que hi participin perqu\u00e8 no hi ha m\u00e9s remei. L\u2019estadi buit. Jugadors d\u2019equips inferiors i reserves perqu\u00e8 els \u201cbons\u201d fan feina per la \u201cFederaci\u00f3n Espa\u00f1ola\u201d o per altres pa\u00efsos. Jugadors que no canten l\u2019himne perqu\u00e8 sembla que no el s\u00e0piguen ni els importa. Autoritats que brillen per la seva abs\u00e8ncia. Imb\u00e8cils que mentre es canta Els Segadors criden i ning\u00fa els diu res. Dates totalment inadequades\u2026&#160; En fi, l\u2019aut\u00e8ntic retrat del pa\u00eds que som i que, per aquest cam\u00ed, seguirem molt anys sent: un pa\u00eds amb complex d\u2019inferioritat, dominat, sense vot ni veu enlloc, sense personalitat, un pa\u00eds que no ens el creiem, que no es fa notar ni es fa sentir sentir&#160; perqu\u00e8 no es posen els mitjans per fer-se escoltar.<\/p>\n<p align=\"justify\">La culpa no \u00e9s nom\u00e9s de la Federaci\u00f3 Catalana de Futbol (que n\u2019\u00e9s l\u2019organitzadora) sin\u00f3 que \u00e9s una mica de tots; perqu\u00e8 est\u00e0 prou demostrat que quan volem fer les coses b\u00e9 les sabem fer. El Bar\u00e7a n\u2019\u00e9s un bon exemple i aquests darrers anys ha adquirit encara m\u00e9s prestigi perqu\u00e8 ha fet les coses prou b\u00e9. I com a mirall mundial que \u00e9s, potser hauria de ser qui digu\u00e9s prou. Que digu\u00e9s que d\u2019aquest plat no en menjar\u00e0 m\u00e9s, si no li serveixen amb una mica de dignitat. La Copa Catalunya \u00e9s com aquell que s\u2019ha de menjar les engrunes de sota la taula perqu\u00e8 no l\u2019han convidat a seure a taula amb l\u2019excusa que no hi ha prou cadires. Una vergonya i una indignitat!. Heus ac\u00ed un motiu m\u00e9s d\u2019indignaci\u00f3 per afegir a la llista dels indignats catalans. Perqu\u00e8 la nostra llista de motius \u00e9s molt m\u00e9s llarga que altres encara que ens faci vergonya mostrar-la. Si el Bar\u00e7a no pot jugar amb els millors jugadors la Copa Catalunya, amb l\u2019entrenador del primer equip i amb dates adients, que no la jugui. Que la deixi pels altres. Que es modifiqui el format o que es faci d\u2019una altra manera, per\u00f2 aix\u00ed no. Que la juguin nom\u00e9s els juvenils, que ells tenen dates de sobres i potser seria una forma de veure i descobrir nous valors. <\/p>\n<p align=\"justify\">Per\u00f2 aix\u00ed no. Aix\u00ed millor que no se segueixi ni un any m\u00e9s. Parem de fer el rid\u00edcul. Parem de tirar-nos terra sobre els nostres propis caps. Som un Pa\u00eds petit per\u00f2 no hem de ser un pa\u00eds inferior, un pa\u00eds d\u2019opereta i de riure. Aix\u00f2 deixem-ho pels ve\u00efns que en saben tamb\u00e9 for\u00e7a de fer les coses malament.<\/p>\n","protected":false},"excerpt":{"rendered":"<p>La Copa Catalunya de futbol entre tots aconseguiran que sigui la copa de la vergonya. Any rere any s\u2019hi esforcen m\u00e9s. I no em refereixo pas a arreglar l\u2019actual situaci\u00f3, sin\u00f3 a espatllar-la. I no valen excuses de que no hi ha dates per jugar-la i que el calendari est\u00e0 carregat. Per jugar-la d\u2019aquesta manera [&hellip;]<\/p>\n","protected":false},"author":214,"featured_media":0,"comment_status":"open","ping_status":"closed","sticky":false,"template":"","format":"standard","meta":{"_jetpack_memberships_contains_paid_content":false,"footnotes":"","jetpack_publicize_message":"","jetpack_publicize_feature_enabled":true,"jetpack_social_post_already_shared":false,"jetpack_social_options":{"image_generator_settings":{"template":"highway","default_image_id":0,"font":"","enabled":false},"version":2}},"categories":[850,172],"tags":[28147,945,31828],"class_list":["post-2874","post","type-post","status-publish","format-standard","hentry","category-esports","category-politica","tag-copa-catalunya","tag-esport","tag-politica"],"jetpack_publicize_connections":[],"jetpack_featured_media_url":"","jetpack_shortlink":"https:\/\/wp.me\/pagkjs-Km","jetpack-related-posts":[],"jetpack_sharing_enabled":true,"_links":{"self":[{"href":"https:\/\/blogs.avui.cat\/jaumepubill\/wp-json\/wp\/v2\/posts\/2874","targetHints":{"allow":["GET"]}}],"collection":[{"href":"https:\/\/blogs.avui.cat\/jaumepubill\/wp-json\/wp\/v2\/posts"}],"about":[{"href":"https:\/\/blogs.avui.cat\/jaumepubill\/wp-json\/wp\/v2\/types\/post"}],"author":[{"embeddable":true,"href":"https:\/\/blogs.avui.cat\/jaumepubill\/wp-json\/wp\/v2\/users\/214"}],"replies":[{"embeddable":true,"href":"https:\/\/blogs.avui.cat\/jaumepubill\/wp-json\/wp\/v2\/comments?post=2874"}],"version-history":[{"count":0,"href":"https:\/\/blogs.avui.cat\/jaumepubill\/wp-json\/wp\/v2\/posts\/2874\/revisions"}],"wp:attachment":[{"href":"https:\/\/blogs.avui.cat\/jaumepubill\/wp-json\/wp\/v2\/media?parent=2874"}],"wp:term":[{"taxonomy":"category","embeddable":true,"href":"https:\/\/blogs.avui.cat\/jaumepubill\/wp-json\/wp\/v2\/categories?post=2874"},{"taxonomy":"post_tag","embeddable":true,"href":"https:\/\/blogs.avui.cat\/jaumepubill\/wp-json\/wp\/v2\/tags?post=2874"}],"curies":[{"name":"wp","href":"https:\/\/api.w.org\/{rel}","templated":true}]}}