{"id":2860,"date":"2011-08-03T08:47:14","date_gmt":"2011-08-03T07:47:14","guid":{"rendered":"http:\/\/blogs.avui.cat\/jaumepubill\/?p=2860"},"modified":"2011-08-03T08:49:58","modified_gmt":"2011-08-03T07:49:58","slug":"un-pas-i-molts-paisatges","status":"publish","type":"post","link":"https:\/\/blogs.avui.cat\/jaumepubill\/2011\/08\/03\/un-pas-i-molts-paisatges\/","title":{"rendered":"Un pa&iacute;s i molts paisatges"},"content":{"rendered":"<h5 align=\"right\"><font><img data-recalc-dims=\"1\" loading=\"lazy\" decoding=\"async\" style=\"margin: 0px 16px 0px 0px;float: left\" align=\"left\" src=\"https:\/\/i0.wp.com\/corsaria.zonalibre.org\/IMG_0252p.JPG?resize=152%2C286\" width=\"152\" height=\"286\" \/>Amb el sol que \u00e9s molt blanc sobre el mar que \u00e9s molt blau,<\/font>     <br \/><font>amb uns n\u00favols molt blancs dalt el cel que \u00e9s tan blau,<\/font>     <br \/><font>i rius que in\u00fatilment volen fer dol\u00e7 el mar,<\/font>     <br \/><font>rius mols secs, molt hostils, amb el cor ple d&#8217;atzar.<\/font>     <br \/><font>Amb pluja per atzar, amb algun cop de vent,<\/font>     <br \/><font>amb el trot sobre el mar de llevant inclement.<\/font>     <br \/><font>El clar pa\u00eds, el meu.<\/font><\/h5>\n<p>&#160;<\/p>\n<h5><font><\/font>&#160;<\/h5>\n<p>&#160;<\/p>\n<p>&#160;<\/p>\n<h5><font>Tot de vells campanars entre cases i camps,<\/font> <img loading=\"lazy\" decoding=\"async\" style=\"float: right\" align=\"right\" src=\"http:\/\/t0.gstatic.com\/images?q=tbn:ANd9GcRNZrRU5zz8jLlTxoBmPS7sOHq3OvBUMgJuBeEnEao9EciaYO_E\" width=\"130\" height=\"256\" \/>     <br \/><font>i tendr\u00edssims palmons el Diumenge de Rams,<\/font>     <br \/><font>tot de cares de sants pintades amb tra\u00e7 fort,<\/font>     <br \/><font>que lluiten contra el temps a cavall de la mort.<\/font>     <br \/><font>I camins plens de pols per on ve, indiferent,<\/font>     <br \/><font>la brisa de l\u00b4oest, la llum del sol ponent.<\/font>     <br \/><font>El clar pa\u00eds, el meu.<\/font><\/h5>\n<h5><font><\/font>&#160;<\/h5>\n<h5><font><\/font>&#160;<\/h5>\n<h5><font><\/font>&#160;<\/h5>\n<p>&#160;<\/p>\n<h5 align=\"right\"><font><img loading=\"lazy\" decoding=\"async\" style=\"margin: 0px 14px 0px 0px;float: left\" align=\"left\" src=\"http:\/\/t3.gstatic.com\/images?q=tbn:ANd9GcQyXruoWyvIuO4rm2IAULUg4k8dXXciFAx5Kfzah76XPIOI9zDK\" width=\"162\" height=\"250\" \/>Amb aquest cel tan dur que el sol no \u00e9s pot mirar,<\/font>     <br \/><font>amb aquest cel tan alt que els ocells s\u00f3n distants,<\/font>     <br \/><font>amb aquest cel tan net que ensenya a perdonar,<\/font>     <br \/><font>amb aquest cel tan lluny que els homes s\u00f3n pagans.<\/font>     <br \/><font>Amb el fred vent del nord que arriba tramuntant,<\/font>     <br \/><font>amb el fred vent del nord que torna el cel brillant.<\/font>     <br \/><font>El clar pa\u00eds, el meu.<\/font><\/h5>\n<h5 align=\"right\"><font><\/font><\/h5>\n<p align=\"right\">&#160;<\/p>\n<h5 align=\"right\"><font><\/font><font><\/font><\/h5>\n<h5 align=\"right\">&#160;<\/h5>\n<p align=\"right\">&#160;<\/p>\n<h5 align=\"right\"><font><\/font><\/h5>\n<h5><font>Amb els pobles i ciutats que de Roma <\/font><font><\/font><font><img loading=\"lazy\" decoding=\"async\" style=\"float: right\" align=\"right\" src=\"http:\/\/t0.gstatic.com\/images?q=tbn:ANd9GcTmqpPcUZ2d26qSITazKPrfcrZQlnwJMbQCQJKFa-E8EwpKf_Bz\" width=\"152\" height=\"274\" \/><\/font><font>han nascut,<\/font><\/h5>\n<h5><font>amb homes jornalers portats pels trens del sud.<\/font>     <br \/><font>Quan la parla \u00e9s un clam, quan la parla \u00e9s un fet,<\/font>     <br \/><font>quan el poble \u00e9s mem\u00f2ria i el dret a viure, un plet.<\/font>     <br \/><font>Quan la brisa \u00e9s somr\u00eds, quan el vent \u00e9s discret,<\/font>     <br \/><font>quan el vent ve del sud, quan tot esdev\u00e9 quiet.<\/font>     <br \/><font>El clar pa\u00eds, el meu.<\/font><\/h5>\n<p>&#160;<\/p>\n<p>&#160;<\/p>\n<p><strong><font size=\"3\">El clar pa\u00eds (can\u00e7\u00f3 de Jacques Brel)<\/font><\/strong><\/p>\n","protected":false},"excerpt":{"rendered":"<p>Amb el sol que \u00e9s molt blanc sobre el mar que \u00e9s molt blau, amb uns n\u00favols molt blancs dalt el cel que \u00e9s tan blau, i rius que in\u00fatilment volen fer dol\u00e7 el mar, rius mols secs, molt hostils, amb el cor ple d&#8217;atzar. Amb pluja per atzar, amb algun cop de vent, amb [&hellip;]<\/p>\n","protected":false},"author":214,"featured_media":0,"comment_status":"open","ping_status":"closed","sticky":false,"template":"","format":"standard","meta":{"_jetpack_memberships_contains_paid_content":false,"footnotes":"","jetpack_publicize_message":"","jetpack_publicize_feature_enabled":true,"jetpack_social_post_already_shared":false,"jetpack_social_options":{"image_generator_settings":{"template":"highway","default_image_id":0,"font":"","enabled":false},"version":2}},"categories":[145],"tags":[31825],"class_list":["post-2860","post","type-post","status-publish","format-standard","hentry","category-poesia","tag-poesia"],"jetpack_publicize_connections":[],"jetpack_featured_media_url":"","jetpack_shortlink":"https:\/\/wp.me\/pagkjs-K8","jetpack-related-posts":[],"jetpack_sharing_enabled":true,"_links":{"self":[{"href":"https:\/\/blogs.avui.cat\/jaumepubill\/wp-json\/wp\/v2\/posts\/2860","targetHints":{"allow":["GET"]}}],"collection":[{"href":"https:\/\/blogs.avui.cat\/jaumepubill\/wp-json\/wp\/v2\/posts"}],"about":[{"href":"https:\/\/blogs.avui.cat\/jaumepubill\/wp-json\/wp\/v2\/types\/post"}],"author":[{"embeddable":true,"href":"https:\/\/blogs.avui.cat\/jaumepubill\/wp-json\/wp\/v2\/users\/214"}],"replies":[{"embeddable":true,"href":"https:\/\/blogs.avui.cat\/jaumepubill\/wp-json\/wp\/v2\/comments?post=2860"}],"version-history":[{"count":2,"href":"https:\/\/blogs.avui.cat\/jaumepubill\/wp-json\/wp\/v2\/posts\/2860\/revisions"}],"predecessor-version":[{"id":2862,"href":"https:\/\/blogs.avui.cat\/jaumepubill\/wp-json\/wp\/v2\/posts\/2860\/revisions\/2862"}],"wp:attachment":[{"href":"https:\/\/blogs.avui.cat\/jaumepubill\/wp-json\/wp\/v2\/media?parent=2860"}],"wp:term":[{"taxonomy":"category","embeddable":true,"href":"https:\/\/blogs.avui.cat\/jaumepubill\/wp-json\/wp\/v2\/categories?post=2860"},{"taxonomy":"post_tag","embeddable":true,"href":"https:\/\/blogs.avui.cat\/jaumepubill\/wp-json\/wp\/v2\/tags?post=2860"}],"curies":[{"name":"wp","href":"https:\/\/api.w.org\/{rel}","templated":true}]}}