{"id":2859,"date":"2011-08-02T15:09:12","date_gmt":"2011-08-02T14:09:12","guid":{"rendered":"http:\/\/blogs.avui.cat\/jaumepubill\/?p=2859"},"modified":"2011-08-02T15:09:12","modified_gmt":"2011-08-02T14:09:12","slug":"el-fatxa-gins","status":"publish","type":"post","link":"https:\/\/blogs.avui.cat\/jaumepubill\/2011\/08\/02\/el-fatxa-gins\/","title":{"rendered":"El fatxa Gin&eacute;s"},"content":{"rendered":"<p align=\"justify\"><img data-recalc-dims=\"1\" loading=\"lazy\" decoding=\"async\" style=\"margin: 0px 8px 0px 0px;float: left\" align=\"left\" src=\"https:\/\/i0.wp.com\/static.ytuquelees.org\/wp-content\/uploads\/2011\/08\/facha.jpg?resize=240%2C184\" width=\"240\" height=\"184\" \/>No ens haurien d\u2019estranyar coses com les que van passar ahir, i que ja han passat altres vegades en aquesta \u201cEJPA\u00d1A\u201d representada per castanyoles, toros, pandereta, flamenc i fatxes com l\u2019inefable Gin\u00e9s. Em preguntareu qui \u00e9s aquest Gin\u00e9s. Us ho explico:<\/p>\n<p align=\"justify\">Gin\u00e9s Mel\u00e9ndez, seleccionador de la selecci\u00f3&#160; Sub-19 espanyola de futbol, ha desencadenat la pol\u00e8mica a les xarxes socials, despr\u00e9s que ahir, durant la celebraci\u00f3 de la vict\u00f2ria a la final de l&#8217;Europeu de Romania, li arrabass\u00e9s la bandera d\u2019Ast\u00faries -que li havia donat la seva mare- al migcampista asturi\u00e0 Juan Mu\u00f1iz. La selecci\u00f3 Sub-19 havia sortit victoriosa enfront de la Rep\u00fablica Txeca. L&#8217;alegria regnava entre els jugadors i l&#8217;atmosfera era de celebraci\u00f3 i alegria sobre la gespa de l&#8217;estadi roman\u00e8s. No obstant aix\u00f2, l&#8217;ambient es va enrarir quan el seleccionador es va dirigir de manera brusca cap al migcampista Juan Mu\u00f1iz per arrabassar-li de males maneres la bandera del Principat d\u2019 Ast\u00faries que el noi s\u2019havia posat sobre les espatlles. A Mel\u00e9ndez no li va agradar que l\u2019asturi\u00e0 fes gala del seu origen en una celebraci\u00f3 que \u2013segons ell- s\u2019havia de fer \u201cen nom d&#8217;Espanya\u201d i, per tant, no estaven permeses les <a href=\"http:\/\/www.20minutos.es\/noticia\/1125469\/0\/espana-sub-19\/prohibidas\/banderas\/\" target=\"_blank\">banderes regionals<\/a>.<\/p>\n<p align=\"justify\">En fi, com passa m\u00e9s o menys sempre! Ja s\u2019han donat cassos de cr\u00edtiques semblants quan en algun esport algun catal\u00e0 ha tret la senyera i l\u2019ha mostrat de forma ostensible i p\u00fablicament. Encara hi han molts espanyols \u2013gent fatxa com aquest entrenador- que no els agrada que es faci ostentaci\u00f3 de banderes que no siguin les espanyoles. I continuen sent entrenadors sense cap tipus de problema, cosa que no s\u2019ent\u00e9n gaire i menys enacara despr\u00e9s que aquest mateix entrenador deix\u00e9s celebrar en una altra ocasi\u00f3 un t\u00edtol al jugador Arizmendi <a href=\"http:\/\/www.somosche.com\/media\/galeria\/56\/9\/6\/6\/8\/o_valencia_javier_arizmendi-28669.jpg\">amb una bandera franquista<\/a> sense cap tipus de problema. Un aut\u00e8ntic fatxa, vaja!<\/p>\n<p align=\"justify\">No obstant aix\u00f2, la pol\u00e8mica s&#8217;ha est\u00e8s com la p\u00f3lvora a les xarxes socials, fins al punt que Gin\u00e9s Mel\u00e9ndez s&#8217;ha convertit en &#8216;trending topic&#8217; (tema del moment) a Twitter a Espanya. El seleccionador ha estat objecte de burles i hip\u00e8rboles sota el hashtag (etiqueta)<a href=\"http:\/\/twitter.com\/#%21\/search\/%23ginesfacts\">#ginesfacts<\/a> amb escrits ben interessants i que posen orelles de ruc a aquest senyor. <\/p>\n<p align=\"justify\">I el pitjor de tot: segur que ning\u00fa li diu res i segur que continuar\u00e0 d\u2019entrenador sense problemes. Enteneu ara perqu\u00e8 a alguns no ens interessa gens continuar sent espanyols? Direu que potser \u00e9s simplement una an\u00e8cdota. S\u00ed, potser s\u00ed, per\u00f2 una an\u00e8cdota que podr\u00edem elevar a categoria.<\/p>\n","protected":false},"excerpt":{"rendered":"<p>No ens haurien d\u2019estranyar coses com les que van passar ahir, i que ja han passat altres vegades en aquesta \u201cEJPA\u00d1A\u201d representada per castanyoles, toros, pandereta, flamenc i fatxes com l\u2019inefable Gin\u00e9s. Em preguntareu qui \u00e9s aquest Gin\u00e9s. Us ho explico: Gin\u00e9s Mel\u00e9ndez, seleccionador de la selecci\u00f3&#160; Sub-19 espanyola de futbol, ha desencadenat la pol\u00e8mica [&hellip;]<\/p>\n","protected":false},"author":214,"featured_media":0,"comment_status":"open","ping_status":"closed","sticky":false,"template":"","format":"standard","meta":{"_jetpack_memberships_contains_paid_content":false,"footnotes":"","jetpack_publicize_message":"","jetpack_publicize_feature_enabled":true,"jetpack_social_post_already_shared":false,"jetpack_social_options":{"image_generator_settings":{"template":"highway","default_image_id":0,"font":"","enabled":false},"version":2}},"categories":[1296,850],"tags":[424,230,945],"class_list":["post-2859","post","type-post","status-publish","format-standard","hentry","category-espana","category-esports","tag-banderes","tag-espanya","tag-esport"],"jetpack_publicize_connections":[],"jetpack_featured_media_url":"","jetpack_shortlink":"https:\/\/wp.me\/pagkjs-K7","jetpack-related-posts":[],"jetpack_sharing_enabled":true,"_links":{"self":[{"href":"https:\/\/blogs.avui.cat\/jaumepubill\/wp-json\/wp\/v2\/posts\/2859","targetHints":{"allow":["GET"]}}],"collection":[{"href":"https:\/\/blogs.avui.cat\/jaumepubill\/wp-json\/wp\/v2\/posts"}],"about":[{"href":"https:\/\/blogs.avui.cat\/jaumepubill\/wp-json\/wp\/v2\/types\/post"}],"author":[{"embeddable":true,"href":"https:\/\/blogs.avui.cat\/jaumepubill\/wp-json\/wp\/v2\/users\/214"}],"replies":[{"embeddable":true,"href":"https:\/\/blogs.avui.cat\/jaumepubill\/wp-json\/wp\/v2\/comments?post=2859"}],"version-history":[{"count":0,"href":"https:\/\/blogs.avui.cat\/jaumepubill\/wp-json\/wp\/v2\/posts\/2859\/revisions"}],"wp:attachment":[{"href":"https:\/\/blogs.avui.cat\/jaumepubill\/wp-json\/wp\/v2\/media?parent=2859"}],"wp:term":[{"taxonomy":"category","embeddable":true,"href":"https:\/\/blogs.avui.cat\/jaumepubill\/wp-json\/wp\/v2\/categories?post=2859"},{"taxonomy":"post_tag","embeddable":true,"href":"https:\/\/blogs.avui.cat\/jaumepubill\/wp-json\/wp\/v2\/tags?post=2859"}],"curies":[{"name":"wp","href":"https:\/\/api.w.org\/{rel}","templated":true}]}}