{"id":2775,"date":"2011-06-15T19:42:21","date_gmt":"2011-06-15T18:42:21","guid":{"rendered":"http:\/\/blogs.avui.cat\/jaumepubill\/?p=2775"},"modified":"2011-06-15T19:42:21","modified_gmt":"2011-06-15T18:42:21","slug":"elogi-del-fracs-2","status":"publish","type":"post","link":"https:\/\/blogs.avui.cat\/jaumepubill\/2011\/06\/15\/elogi-del-fracs-2\/","title":{"rendered":"Elogi del frac&agrave;s (2)"},"content":{"rendered":"<p align=\"justify\"><img data-recalc-dims=\"1\" loading=\"lazy\" decoding=\"async\" style=\"margin: 0px 4px 0px 0px;float: left\" align=\"left\" src=\"https:\/\/i0.wp.com\/2.bp.blogspot.com\/_lrgryWePXrk\/TJrLWajgTBI\/AAAAAAAAEKc\/zYl-3BzqtlI\/s400\/imagen-los-ocho-habitos-de-los-fracasados.jpg?resize=226%2C226\" width=\"226\" height=\"226\" \/>Ahir reflexionava sobre el frac\u00e0s a partir d\u2019un text d\u2019un autor argent\u00ed que vaig llegir. Avui he rebut un mail d\u2019una persona que no conec de res, per\u00f2 que diu \u201cser i sentir-se fracassada\u201d. Un mail que no puc publicar perqu\u00e8 \u00e9s molt personal per\u00f2 que m\u2019ha semblat molt sincer i molt dur. Per aix\u00f2 avui vull continuar aquesta reflexi\u00f3 sobre el frac\u00e0s, no tant per contestar aquesta persona, sin\u00f3 perqu\u00e8 aquest mail m\u2019ha servit per continuar fent-me reflexionar. I aix\u00f2 \u00e9s el que pretenc avui: seguir fent una senzilla i modesta reflexi\u00f3.<\/p>\n<p align=\"justify\">Normalment tenim la sensaci\u00f3 de frac\u00e0s perqu\u00e8 ten\u00edem unes perspectives massa altes. Est\u00e0 b\u00e9 a aspirar ben alt per quedar-se a mig cam\u00ed, deien abans. Aix\u00f2 pot ser una arma de doble tall perqu\u00e8, per una banda, l\u2019aspiraci\u00f3 a metes altes pot ser estimulant. Per\u00f2, per altra banda, pot conduir-nos a la desmoralitzaci\u00f3 si no tenim prou maduresa per acceptar-nos tal com som i veure que potser mai podrem assolir all\u00f2 que vol\u00edem.<\/p>\n<p align=\"justify\">Perqu\u00e8 no tots som alts, rossos, guapos, rics, intel.ligents, estimats\u2026 No tots tenim les qualitats que voldr\u00edem. Tenim les que tenim i, amb aquestes, hem de viure. El que hem de fer -i moltes vegades no fem- \u00e9s aprendre a fer-les servir i a millorar-les. Sempre podem comen\u00e7ar camins que no sabem on ens portaran per\u00f2 segur que ens duran a algun lloc. I en el cam\u00ed mateix hi trobarem l\u2019aprenentatge de les coses positives i negatives. La vida \u00e9s aprendre i \u00e9s feta de m\u00faltiples intents, no sempre tots reeixits. <\/p>\n<p align=\"justify\">Hem d\u2019aprendre del frac\u00e0s (en tenim tots de fracassos) i hem de saber analitzar-lo. Llavors ens adonarem que el nostre \u201cjo real\u201d no coincideix amb el nostre \u201cjo ideal\u201d i que potser ens caldr\u00e0 ajustar les perspectives i els enfocaments. Per tant, per aix\u00f2 podem fer un elogi del frac\u00e0s: perqu\u00e8 pot ser un episodi positiu en la nostra vida.<\/p>\n<p align=\"justify\">\n<ul><\/ul>\n","protected":false},"excerpt":{"rendered":"<p>Ahir reflexionava sobre el frac\u00e0s a partir d\u2019un text d\u2019un autor argent\u00ed que vaig llegir. Avui he rebut un mail d\u2019una persona que no conec de res, per\u00f2 que diu \u201cser i sentir-se fracassada\u201d. Un mail que no puc publicar perqu\u00e8 \u00e9s molt personal per\u00f2 que m\u2019ha semblat molt sincer i molt dur. Per aix\u00f2 [&hellip;]<\/p>\n","protected":false},"author":214,"featured_media":0,"comment_status":"open","ping_status":"closed","sticky":false,"template":"","format":"standard","meta":{"_jetpack_memberships_contains_paid_content":false,"footnotes":"","jetpack_publicize_message":"","jetpack_publicize_feature_enabled":true,"jetpack_social_post_already_shared":false,"jetpack_social_options":{"image_generator_settings":{"template":"highway","default_image_id":0,"font":"","enabled":false},"version":2}},"categories":[2792,160],"tags":[31905,31827],"class_list":["post-2775","post","type-post","status-publish","format-standard","hentry","category-psicologia","category-societat","tag-psicologia","tag-societat"],"jetpack_publicize_connections":[],"jetpack_featured_media_url":"","jetpack_shortlink":"https:\/\/wp.me\/pagkjs-IL","jetpack-related-posts":[],"jetpack_sharing_enabled":true,"_links":{"self":[{"href":"https:\/\/blogs.avui.cat\/jaumepubill\/wp-json\/wp\/v2\/posts\/2775","targetHints":{"allow":["GET"]}}],"collection":[{"href":"https:\/\/blogs.avui.cat\/jaumepubill\/wp-json\/wp\/v2\/posts"}],"about":[{"href":"https:\/\/blogs.avui.cat\/jaumepubill\/wp-json\/wp\/v2\/types\/post"}],"author":[{"embeddable":true,"href":"https:\/\/blogs.avui.cat\/jaumepubill\/wp-json\/wp\/v2\/users\/214"}],"replies":[{"embeddable":true,"href":"https:\/\/blogs.avui.cat\/jaumepubill\/wp-json\/wp\/v2\/comments?post=2775"}],"version-history":[{"count":0,"href":"https:\/\/blogs.avui.cat\/jaumepubill\/wp-json\/wp\/v2\/posts\/2775\/revisions"}],"wp:attachment":[{"href":"https:\/\/blogs.avui.cat\/jaumepubill\/wp-json\/wp\/v2\/media?parent=2775"}],"wp:term":[{"taxonomy":"category","embeddable":true,"href":"https:\/\/blogs.avui.cat\/jaumepubill\/wp-json\/wp\/v2\/categories?post=2775"},{"taxonomy":"post_tag","embeddable":true,"href":"https:\/\/blogs.avui.cat\/jaumepubill\/wp-json\/wp\/v2\/tags?post=2775"}],"curies":[{"name":"wp","href":"https:\/\/api.w.org\/{rel}","templated":true}]}}