{"id":2770,"date":"2011-06-10T20:30:54","date_gmt":"2011-06-10T19:30:54","guid":{"rendered":"http:\/\/blogs.avui.cat\/jaumepubill\/?p=2770"},"modified":"2011-06-10T20:31:19","modified_gmt":"2011-06-10T19:31:19","slug":"la-ra-de-les-urnes","status":"publish","type":"post","link":"https:\/\/blogs.avui.cat\/jaumepubill\/2011\/06\/10\/la-ra-de-les-urnes\/","title":{"rendered":"La ra&oacute; de les urnes"},"content":{"rendered":"<p align=\"justify\"><img data-recalc-dims=\"1\" loading=\"lazy\" decoding=\"async\" style=\"margin: 0px 7px 0px 0px;float: left\" align=\"left\" src=\"https:\/\/i0.wp.com\/xarxanet.org\/sites\/default\/files\/drj_0.png?resize=313%2C258\" width=\"313\" height=\"258\" \/>S\u00f3c dels que creuen que tenim una democr\u00e0cia molt imperfecta, per\u00f2 \u00e9s el qu\u00e8 hi ha i \u00e9s el qu\u00e8 tenim. \u00c9s el sistema del que ens hem dotat (o ens han dotat), encara que aqu\u00ed haur\u00edem de fer un aclariment: totes les democr\u00e0cies no s\u00f3n pas iguals i potser podr\u00edem fer alguna cosa m\u00e9s per millorar la nostra.<\/p>\n<p align=\"justify\">Els indignats de les places \u2013amb els que no m\u2019identifico en moltes coses, per\u00f2 en aquesta s\u00ed- demanen \u201cDemocr\u00e0cia real, ja\u201d. Tenen tota la ra\u00f3 perqu\u00e8 a vegades el que tenim em sembla una mala caricatura del que hauria de ser una democr\u00e0cia com D\u00e9u mana.<\/p>\n<p align=\"justify\">La participaci\u00f3 dels ciutadans \u00e9s a trav\u00e9s del vot cada quatre anys i no tots els vots valen exactament el mateix perqu\u00e8 hi ha una s\u00e8rie de correccions molt discutibles que generalment afavoreixen els partits grans. Els partits tampoc s\u00f3n gaire democr\u00e0tics a l\u2019hora de triar els seus caps. O sigui: que ens hem de menjar el plat que ens posen a taula o quedar-nos sense menjar.<\/p>\n<p align=\"justify\">Una altra dificultat: La informaci\u00f3 que es d\u00f3na al ciutad\u00e0 \u00e9s molt pobra i els programes electorals no s\u2019expliquen i, el que \u00e9s pitjor, despr\u00e9s no es compleixen i ning\u00fa els demana explicacions. Els representats de partits minoritaris quasi ni poden expressar-se perqu\u00e8 no se\u2019ls concedeix espais.<\/p>\n<p align=\"justify\">Alguns diran que els ciutadans ja els ho faran pagar a les properes eleccions a qui no compleixi. El temps ho fa oblidar tot i els resultats els saben maquillar tan b\u00e9 que semblen mags. La separaci\u00f3 de poders hauria de ser clara i uns haurien de controlar els altres. Res de tot aix\u00f2: Aqu\u00ed no hi ha separaci\u00f3 de poders en no ser aquests independents entre si (el poder judicial dep\u00e8n del pol\u00edtic, el poder executiu dep\u00e8n del legislatiu, el poder pol\u00edtic dep\u00e8n de l&#8217;econ\u00f2mic, etc.) I per tant no hi ha control mutu dels mateixos, ni per suposat control per part del poble.<\/p>\n<p align=\"justify\">El poder dels mitjans de comunicaci\u00f3 \u00e9s tan gran que eleven o ensorren a qui ells volen. \u00c9s dif\u00edcil accedir a una informaci\u00f3 lliure, plural i vera\u00e7 perqu\u00e8 els grans grups de comunicaci\u00f3 estan molt controlats pel poder econ\u00f2mic. Parlar de llibertat de premsa \u00e9s una mica ut\u00f2pic perqu\u00e8, en realitat, no n\u2019hi ha massa. Els mitjans alternatius s\u00f3n petits, minoritaris, pobres i no compten massa i, per tant, no hi ha igualtat ni forma de competir.<\/p>\n<p align=\"justify\">Per tant, aquesta \u00e9s la dura realitat. Una realitat que dem\u00e0 es far\u00e0 present a l\u2019hora de constituir els Ajuntaments, que hauria de ser el lloc on el ciutad\u00e0 s\u2019hi sent\u00eds m\u00e9s representat perqu\u00e8 \u00e9s el m\u00e9s proper. Per\u00f2 em temo que no ser\u00e0 aix\u00ed i haurem de seguir reclamant \u201cDemocr\u00e0cia real, ja\u201d    <\/p>\n","protected":false},"excerpt":{"rendered":"<p>S\u00f3c dels que creuen que tenim una democr\u00e0cia molt imperfecta, per\u00f2 \u00e9s el qu\u00e8 hi ha i \u00e9s el qu\u00e8 tenim. \u00c9s el sistema del que ens hem dotat (o ens han dotat), encara que aqu\u00ed haur\u00edem de fer un aclariment: totes les democr\u00e0cies no s\u00f3n pas iguals i potser podr\u00edem fer alguna cosa m\u00e9s [&hellip;]<\/p>\n","protected":false},"author":214,"featured_media":0,"comment_status":"open","ping_status":"closed","sticky":false,"template":"","format":"standard","meta":{"_jetpack_memberships_contains_paid_content":false,"footnotes":"","jetpack_publicize_message":"","jetpack_publicize_feature_enabled":true,"jetpack_social_post_already_shared":false,"jetpack_social_options":{"image_generator_settings":{"template":"highway","default_image_id":0,"font":"","enabled":false},"version":2}},"categories":[172],"tags":[31828],"class_list":["post-2770","post","type-post","status-publish","format-standard","hentry","category-politica","tag-politica"],"jetpack_publicize_connections":[],"jetpack_featured_media_url":"","jetpack_shortlink":"https:\/\/wp.me\/pagkjs-IG","jetpack-related-posts":[],"jetpack_sharing_enabled":true,"_links":{"self":[{"href":"https:\/\/blogs.avui.cat\/jaumepubill\/wp-json\/wp\/v2\/posts\/2770","targetHints":{"allow":["GET"]}}],"collection":[{"href":"https:\/\/blogs.avui.cat\/jaumepubill\/wp-json\/wp\/v2\/posts"}],"about":[{"href":"https:\/\/blogs.avui.cat\/jaumepubill\/wp-json\/wp\/v2\/types\/post"}],"author":[{"embeddable":true,"href":"https:\/\/blogs.avui.cat\/jaumepubill\/wp-json\/wp\/v2\/users\/214"}],"replies":[{"embeddable":true,"href":"https:\/\/blogs.avui.cat\/jaumepubill\/wp-json\/wp\/v2\/comments?post=2770"}],"version-history":[{"count":2,"href":"https:\/\/blogs.avui.cat\/jaumepubill\/wp-json\/wp\/v2\/posts\/2770\/revisions"}],"predecessor-version":[{"id":2776,"href":"https:\/\/blogs.avui.cat\/jaumepubill\/wp-json\/wp\/v2\/posts\/2770\/revisions\/2776"}],"wp:attachment":[{"href":"https:\/\/blogs.avui.cat\/jaumepubill\/wp-json\/wp\/v2\/media?parent=2770"}],"wp:term":[{"taxonomy":"category","embeddable":true,"href":"https:\/\/blogs.avui.cat\/jaumepubill\/wp-json\/wp\/v2\/categories?post=2770"},{"taxonomy":"post_tag","embeddable":true,"href":"https:\/\/blogs.avui.cat\/jaumepubill\/wp-json\/wp\/v2\/tags?post=2770"}],"curies":[{"name":"wp","href":"https:\/\/api.w.org\/{rel}","templated":true}]}}