{"id":2764,"date":"2011-06-05T23:12:39","date_gmt":"2011-06-05T22:12:39","guid":{"rendered":"http:\/\/blogs.avui.cat\/jaumepubill\/?p=2764"},"modified":"2011-06-05T23:12:39","modified_gmt":"2011-06-05T22:12:39","slug":"els-acampats-i-els-escampats-2","status":"publish","type":"post","link":"https:\/\/blogs.avui.cat\/jaumepubill\/2011\/06\/05\/els-acampats-i-els-escampats-2\/","title":{"rendered":"Els acampats i els escampats"},"content":{"rendered":"<div>\n<span class=\"embed-youtube\" style=\"text-align:center; display: block;\"><iframe loading=\"lazy\" class=\"youtube-player\" width=\"600\" height=\"338\" src=\"https:\/\/www.youtube.com\/embed\/fBW3XRN7OK0?version=3&#038;rel=1&#038;showsearch=0&#038;showinfo=1&#038;iv_load_policy=1&#038;fs=1&#038;hl=ca&#038;autohide=2&#038;wmode=transparent\" allowfullscreen=\"true\" style=\"border:0;\" sandbox=\"allow-scripts allow-same-origin allow-popups allow-presentation allow-popups-to-escape-sandbox\"><\/iframe><\/span>\n<p>El dia 26 de Maig vaig fer un post en aquest mateix blog<\/p>\n<p><a href=\"http:\/\/blogs.avui.cat\/jaumepubill\/?p=2676\">http:\/\/blogs.avui.cat\/jaumepubill\/?p=2676<\/a><\/p>\n<p>on recollia el discurs que va fer Eduardo Galeano quan va recollir el Premi Internacional Manuel V\u00e1zquez Montalb\u00e1n. Ens recordava que el dret a l\u2019autodeterminaci\u00f3 dels pobles \u00e9s un dret irrenunciable.<\/p>\n<p>Aquests dies l\u2019Eduardo Galeano s\u2019ha passejat per aqu\u00ed. Ha deixat per uns dies aquell tranquil \u201cpaisito\u201d que \u00e9s el seu Uruguai i ha volgut respirar els aires de les places espanyoles. Els 270 acampats que avui han votat NO al dret d\u2019autodeteminaci\u00f3 haurien fet b\u00e9 d\u2019escoltar-lo. \u00c9s el que tenen les assemblees\u2026<\/p>\n<p>No acabo d\u2019entendre que la votaci\u00f3 s\u2019hagi hagut de repetir dos cops i s\u2019ha tancat amb aquest resultat: 395 vots a favor i 270 en contra, sobretot quan el\u00a0dissabte a la nit el 90% dels assistents havien donat el s\u00ed. No entenc la falta d\u2019unanimitat en un tema com aquest, sobretot quan demanen \u201cDemocr\u00e0cia Real\u201d Qu\u00e8 \u00e9s per a ells la democr\u00e0cia real?. Em temo que molt acampats tenen el cap una mica escampat escampat\u2026<\/p>\n<p>El punt que es debatia per incloure al manifest proposava \u201crecon\u00e8ixer el dret a l\u2019autodeterminaci\u00f3 de tots els pobles del m\u00f3n tal com recull la Carta de les Nacions Unides i, per tant, del poble catal\u00e0\u201d. Aix\u00f2 tan normal i tan essencial no es pot acceptar? Qu\u00e8 \u00e9s que el que demanen?<\/p>\n<p>Que escoltin una estona a Galeano en aquesta entrevista que li fan a la Pla\u00e7a Catalunya de Barcelona. Es nota de seguida que est\u00e0 en forma.\u00a0No parla nom\u00e9s del que passa a les places sin\u00f3 que ens parla de coses que van una mica m\u00e9s enll\u00e0 i que s\u00f3n les que indignen de veritat. Parla de coses fonamentals que ens convindria repensar. Segurament que sortirien indignats de sota les pedres!<\/p>\n<p>He trobat el v\u00eddeo interessant i us el deixo.<\/p>\n<\/div>\n","protected":false},"excerpt":{"rendered":"<p>El dia 26 de Maig vaig fer un post en aquest mateix blog http:\/\/blogs.avui.cat\/jaumepubill\/?p=2676 on recollia el discurs que va fer Eduardo Galeano quan va recollir el Premi Internacional Manuel V\u00e1zquez Montalb\u00e1n. Ens recordava que el dret a l\u2019autodeterminaci\u00f3 dels pobles \u00e9s un dret irrenunciable. Aquests dies l\u2019Eduardo Galeano s\u2019ha passejat per aqu\u00ed. Ha deixat [&hellip;]<\/p>\n","protected":false},"author":214,"featured_media":0,"comment_status":"open","ping_status":"closed","sticky":false,"template":"","format":"standard","meta":{"_jetpack_memberships_contains_paid_content":false,"footnotes":"","jetpack_publicize_message":"","jetpack_publicize_feature_enabled":true,"jetpack_social_post_already_shared":false,"jetpack_social_options":{"image_generator_settings":{"template":"highway","default_image_id":0,"font":"","enabled":false},"version":2}},"categories":[530],"tags":[],"class_list":["post-2764","post","type-post","status-publish","format-standard","hentry","category-autodeterminacio"],"jetpack_publicize_connections":[],"jetpack_featured_media_url":"","jetpack_shortlink":"https:\/\/wp.me\/pagkjs-IA","jetpack-related-posts":[],"jetpack_sharing_enabled":true,"_links":{"self":[{"href":"https:\/\/blogs.avui.cat\/jaumepubill\/wp-json\/wp\/v2\/posts\/2764","targetHints":{"allow":["GET"]}}],"collection":[{"href":"https:\/\/blogs.avui.cat\/jaumepubill\/wp-json\/wp\/v2\/posts"}],"about":[{"href":"https:\/\/blogs.avui.cat\/jaumepubill\/wp-json\/wp\/v2\/types\/post"}],"author":[{"embeddable":true,"href":"https:\/\/blogs.avui.cat\/jaumepubill\/wp-json\/wp\/v2\/users\/214"}],"replies":[{"embeddable":true,"href":"https:\/\/blogs.avui.cat\/jaumepubill\/wp-json\/wp\/v2\/comments?post=2764"}],"version-history":[{"count":1,"href":"https:\/\/blogs.avui.cat\/jaumepubill\/wp-json\/wp\/v2\/posts\/2764\/revisions"}],"predecessor-version":[{"id":2765,"href":"https:\/\/blogs.avui.cat\/jaumepubill\/wp-json\/wp\/v2\/posts\/2764\/revisions\/2765"}],"wp:attachment":[{"href":"https:\/\/blogs.avui.cat\/jaumepubill\/wp-json\/wp\/v2\/media?parent=2764"}],"wp:term":[{"taxonomy":"category","embeddable":true,"href":"https:\/\/blogs.avui.cat\/jaumepubill\/wp-json\/wp\/v2\/categories?post=2764"},{"taxonomy":"post_tag","embeddable":true,"href":"https:\/\/blogs.avui.cat\/jaumepubill\/wp-json\/wp\/v2\/tags?post=2764"}],"curies":[{"name":"wp","href":"https:\/\/api.w.org\/{rel}","templated":true}]}}