{"id":276,"date":"2009-03-20T10:22:10","date_gmt":"2009-03-20T09:22:10","guid":{"rendered":"http:\/\/blogs.avui.cat\/jaumepubill\/2009\/03\/20\/ha-arribat-la-primavera\/"},"modified":"2009-04-07T19:08:01","modified_gmt":"2009-04-07T18:08:01","slug":"ha-arribat-la-primavera","status":"publish","type":"post","link":"https:\/\/blogs.avui.cat\/jaumepubill\/2009\/03\/20\/ha-arribat-la-primavera\/","title":{"rendered":"Ha arribat la primavera."},"content":{"rendered":"<p><img data-recalc-dims=\"1\" loading=\"lazy\" decoding=\"async\" src=\"https:\/\/i0.wp.com\/2.bp.blogspot.com\/_HA9HcKLCWv0\/SaGTgMO-5XI\/AAAAAAAACOk\/KQ5f8EdBWRo\/s400\/IMAG0051.JPG?resize=496%2C370\" height=\"370\" width=\"496\" \/><\/p>\n<p align=\"center\"><font size=\"4\" color=\"#ff0000\">L\u2019AMETLLER FLORIT<\/font><\/p>\n<p align=\"center\"><font size=\"4\">A mig aire de la serra<\/font><\/p>\n<p align=\"center\"><font size=\"4\">veig un ametller florit.<\/font><\/p>\n<p align=\"center\"><font size=\"4\">D\u00e9u te guard, bandera blanca,<\/font><\/p>\n<p align=\"center\"><font size=\"4\">dies ha que t&#8217;he delit!<\/font><\/p>\n<p align=\"center\"><font size=\"4\">Ets la pau que s&#8217;anuncia<\/font><\/p>\n<p align=\"center\"><font size=\"4\">entre el sol, n\u00favols i vents&#8230;<\/font><\/p>\n<p align=\"center\"><font size=\"4\">No ets encara el millor temps<\/font><\/p>\n<p align=\"center\"><font size=\"4\">pro en tens tota l&#8217;alegria.<\/font><\/p>\n<p align=\"center\"><font size=\"4\">&#8211; Joan Maragall &#8211;<\/font><\/p>\n<p>Aprofitant que faig pont a la feina, hem quedat amb un grup d\u2019amics d\u2019anar a celebrar la primavera prenent una mica el sol, l\u2019aire i dinant a fora.D\u2019aqu\u00ed una estona anirem a l&#8217; Estany d\u2019 Ivars. Passejarem, observarem aus, veurem ametllers florits, xerrarem, trencarem la monotonia de cada dia i estrenarem la primavera.Oblidarem per una estona aquest m\u00f3n de cada dia i ens penjarem d\u2019algun n\u00favol que passi per anar a donar un tomb. Veurem com la vida recomen\u00e7a cont\u00ednuament i potser agafarem oxigen i ganes per una temporada m\u00e9s.Bona primavera, amics.Etiquetes de Technorati: <a href=\"http:\/\/technorati.com\/tags\/A+Peu\" rel=\"tag\">A Peu<\/a>,<a href=\"http:\/\/technorati.com\/tags\/Estany+d'+Ivars\" rel=\"tag\">Estany d&#8217; Ivars<\/a>,<a href=\"http:\/\/technorati.com\/tags\/Joan+Maragall\" rel=\"tag\">Joan Maragall<\/a>,<a href=\"http:\/\/technorati.com\/tags\/Passejar\" rel=\"tag\">Passejar<\/a>,<a href=\"http:\/\/technorati.com\/tags\/Primavera\" rel=\"tag\">Primavera<\/a><\/p>\n","protected":false},"excerpt":{"rendered":"<p>L\u2019AMETLLER FLORIT A mig aire de la serra veig un ametller florit. D\u00e9u te guard, bandera blanca, dies ha que t&#8217;he delit! Ets la pau que s&#8217;anuncia entre el sol, n\u00favols i vents&#8230; No ets encara el millor temps pro en tens tota l&#8217;alegria. &#8211; Joan Maragall &#8211; Aprofitant que faig pont a la feina, [&hellip;]<\/p>\n","protected":false},"author":214,"featured_media":0,"comment_status":"open","ping_status":"open","sticky":false,"template":"","format":"standard","meta":{"_jetpack_memberships_contains_paid_content":false,"footnotes":"","jetpack_publicize_message":"","jetpack_publicize_feature_enabled":true,"jetpack_social_post_already_shared":false,"jetpack_social_options":{"image_generator_settings":{"template":"highway","default_image_id":0,"font":"","enabled":false},"version":2}},"categories":[145],"tags":[31920,3758,2116,3746],"class_list":["post-276","post","type-post","status-publish","format-standard","hentry","category-poesia","tag-a-peu","tag-joan-maragall","tag-passejar","tag-primavera"],"jetpack_publicize_connections":[],"jetpack_featured_media_url":"","jetpack_shortlink":"https:\/\/wp.me\/pagkjs-4s","jetpack-related-posts":[],"jetpack_sharing_enabled":true,"_links":{"self":[{"href":"https:\/\/blogs.avui.cat\/jaumepubill\/wp-json\/wp\/v2\/posts\/276","targetHints":{"allow":["GET"]}}],"collection":[{"href":"https:\/\/blogs.avui.cat\/jaumepubill\/wp-json\/wp\/v2\/posts"}],"about":[{"href":"https:\/\/blogs.avui.cat\/jaumepubill\/wp-json\/wp\/v2\/types\/post"}],"author":[{"embeddable":true,"href":"https:\/\/blogs.avui.cat\/jaumepubill\/wp-json\/wp\/v2\/users\/214"}],"replies":[{"embeddable":true,"href":"https:\/\/blogs.avui.cat\/jaumepubill\/wp-json\/wp\/v2\/comments?post=276"}],"version-history":[{"count":0,"href":"https:\/\/blogs.avui.cat\/jaumepubill\/wp-json\/wp\/v2\/posts\/276\/revisions"}],"wp:attachment":[{"href":"https:\/\/blogs.avui.cat\/jaumepubill\/wp-json\/wp\/v2\/media?parent=276"}],"wp:term":[{"taxonomy":"category","embeddable":true,"href":"https:\/\/blogs.avui.cat\/jaumepubill\/wp-json\/wp\/v2\/categories?post=276"},{"taxonomy":"post_tag","embeddable":true,"href":"https:\/\/blogs.avui.cat\/jaumepubill\/wp-json\/wp\/v2\/tags?post=276"}],"curies":[{"name":"wp","href":"https:\/\/api.w.org\/{rel}","templated":true}]}}