{"id":2746,"date":"2011-06-05T08:45:19","date_gmt":"2011-06-05T07:45:19","guid":{"rendered":"http:\/\/blogs.avui.cat\/jaumepubill\/?p=2746"},"modified":"2011-06-05T09:01:39","modified_gmt":"2011-06-05T08:01:39","slug":"primeres-comunions-i-consumisme","status":"publish","type":"post","link":"https:\/\/blogs.avui.cat\/jaumepubill\/2011\/06\/05\/primeres-comunions-i-consumisme\/","title":{"rendered":"Primeres comunions i consumisme."},"content":{"rendered":"<p style=\"text-align: center\"><a href=\"https:\/\/i0.wp.com\/modavestidos.es\/wp-content\/uploads\/vestidos-de-primera-comunion.jpg\"><img data-recalc-dims=\"1\" loading=\"lazy\" decoding=\"async\" class=\"aligncenter\" style=\"float: none;margin-left: auto;margin-right: auto\" src=\"https:\/\/i0.wp.com\/blogs.avui.cat\/jaumepubill\/wp-content\/imagescaler\/a94a8fc5e1d44cfcba587ada8855ffd7.jpg?resize=374%2C181\" alt=\"\" width=\"374\" height=\"181\" \/><\/a><\/p>\n<p style=\"text-align: justify\">El prestigi\u00f3s te\u00f2leg <a href=\"http:\/\/blogs.periodistadigital.com\/miradas-cristianas.php\/2011\/05\/23\/de-la-primera-carta-de-san-pablo-a-los-c#comments\" target=\"_blank\">Jos\u00e9 Ignacio Gonz\u00e1lez Faus<\/a>, en el seu blog \u201cMIRADAS CRISTIANAS\u201d fa un l\u00facid an\u00e0lisi del que s\u00f3n en realitat i des de fa un munt d\u2019anys -per una gran majoria de nens i nenes (i per als seus pares)- les primeres comunions. Val la pena llegir la carta, sobretot tenint en compte que EL CORTE INGL\u00cbS \u00e9s un dels patrocinadors de la Jornada Mundial de la Juventud a Madrid.<\/p>\n<p style=\"text-align: justify\">Un altre dia ja tornar\u00e9 a parlar-ne per\u00f2 avui nom\u00e9s voldria fer una pregunta: Jes\u00fas hauria acceptat ser patrocinat per empreses que, com ha dit alg\u00fa, s\u00f3n els \u201cusurers del temple\u201d? Els temples del consumisme col.laboren amb l\u2019esgl\u00e9sia perqu\u00e8 en trauran bon profit. Voleu dir que Jes\u00fas no hauria agafat el fuet i els hauria fet fora a tots? Mireu-ne alguns: El Corte Ingl\u00e9s, Telef\u00f3nica, Santander, Coca Cola, Mahou, Endesa, Cope, La Raz\u00f3n, ABC, El Mundo, Marca\u2026 i un munt m\u00e9s.<\/p>\n<p style=\"text-align: justify\">Us deixo amb l\u2019article de Gonz\u00e1lez Faus.<\/p>\n<p style=\"text-align: justify\"><strong><span>De la primera carta de San\u00a0 Pablo a los Coringles\u00a0 (<\/span>23.05.11)<\/strong><\/p>\n<p style=\"text-align: justify\"><strong>Cuando os reun\u00eds para las primeras comuniones, eso ya no <\/strong><strong>es celebrar la Cena del Se\u00f1or<\/strong>. Porque una gran cadena comercial que encabeza tanto las listas de grandes beneficios como las de salarios y condiciones laborales injustas, acaba de publicar un espectacular folleto en papel \u201ccouch\u00e9\u201d, de 22 p\u00e1ginas, donde anuncia trajes para la primera comuni\u00f3n, entre 400 y 1000 \u20ac, con descripciones como: \u201cvestido de fantas\u00eda, de seda, de organza, cuerpo bordado con torera, falda de gasa con vuelo\u201d\u2026 para ni\u00f1as y ni\u00f1os, rubitas ellas en su mayor\u00eda.<a name=\"more295843\"><\/a><\/p>\n<p style=\"text-align: justify\">Tambi\u00e9n vestidos para ni\u00f1as invitadas, cadenas y pulseras de oro, relojes Swacht o Viceroy, zapatos, libros de recuerdo, servicio de imprenta para invitaciones\u2026 Y finalmente \u201cla gran idea\u201d: listas de primera comuni\u00f3n, paralelas a las listas de boda (\u201cporque te aseguras de recibir justo lo que m\u00e1s te gusta\u201d). En ellas hay desde joyeros y pulseras, hasta sillas giratorias, bicicletas, juguetes electr\u00f3nicos\u2026 \u00a1incluso biblias!.. De modo que, entre eso y el inevitable convite igualmente fatuo, apenas habr\u00e1 aut\u00e9ntica primera comuni\u00f3n que no supere el medio mill\u00f3n de las antiguas pesetas. <strong>Demasiado dinero para recibir al Dios de los pobres<\/strong>. Tanto que algunas familias han retrasado la primera comuni\u00f3n de sus ni\u00f1os por la crisis econ\u00f3mica.<\/p>\n<p style=\"text-align: justify\">\u00bfEs que no ten\u00e9is otros d\u00edas del a\u00f1o para todas esas fatuidades? <strong>\u00bfO es que despreci\u00e1is a la Iglesia de Dios y avergonz\u00e1is a los que no tienen?<\/strong>. La verdad es que en esto no puedo alabaros. Porque yo mismo recib\u00ed del Se\u00f1or lo que ya os he transmitido: que el Se\u00f1or Jes\u00fas, en la hora m\u00e1s negra de su vida, cuando iba a ser entregado por uno de los suyos y condenado a muerte por los sacerdotes, se sent\u00f3 a la mesa a cenar con sus disc\u00edpulos y, en aquella cena, tom\u00f3 el pan, s\u00edmbolo de la necesidad humana, lo parti\u00f3 y se lo pas\u00f3 diciendo que aquel pan compartido era su persona entregada por nosotros. Tambi\u00e9n tom\u00f3 una copa de vino, s\u00edmbolo de la alegr\u00eda humana y se la pas\u00f3 diciendo que aquel vino era su sangre (sede de la vida para los jud\u00edos) con la que Dios sellaba una alianza nueva e irrompible con el g\u00e9nero humano. Y a\u00f1adi\u00f3 que repiti\u00e9ramos esos gestos como memorial suyo: de modo que cada vez que celebr\u00e1is la comuni\u00f3n est\u00e1s anunciando esa vida de Jes\u00fas entregada hasta la muerte por solidaridad con nosotros.<\/p>\n<p style=\"text-align: justify\">Por eso debemos examinarnos seriamente, porque quien come el cuerpo del Se\u00f1or sin discernimiento se traga su propia condena\u2026 (cf. 1\u00aa Cor 11, 20sss) \u00bfNo hab\u00e9is o\u00eddo el ejemplo de vuestros hermanos filipenses que han decidido celebrar la primera comuni\u00f3n de sus hijos del modo m\u00e1s sobrio posible, sin trajes ni alharacas, para dar todo el importe que eso hubiera supuesto a los ni\u00f1os de Hait\u00ed? \u00bfNo sab\u00e9is todav\u00eda que en ese mundo que hab\u00e9is montado mueren cada hora mil ni\u00f1os menores de cinco a\u00f1os, por desnutrici\u00f3n o enfermedad (lo que hace unos once millones de ni\u00f1os al a\u00f1o)? \u00bfCre\u00e9is que el Se\u00f1or entreg\u00f3 su persona y su vida (su cuerpo y su sangre) para que haya esas diferencias entre vosotros? <strong>\u00bfEs as\u00ed como quer\u00e9is preparar la jornada mundial de la juventud? \u00bfNo sab\u00e9is que, adem\u00e1s, esa forma de primera comuni\u00f3n, se convierte para la gran mayor\u00eda de los ni\u00f1os en su \u00faltima comuni\u00f3n?<\/strong><\/p>\n<p style=\"text-align: justify\">Por eso quiero recordaros<strong> palabras de los antiguos profetas<\/strong>: \u201cDetesto vuestras primeras comuniones -dice el Se\u00f1or-, estoy harto de vestidos de seda, se me han vuelto una carga vuestras diademas y pulseras; aprended a practicar la justicia, enderezad a los oprimidos, proteged a los que no pueden valerse\u2026 Porque \u00e9sta es la primera comuni\u00f3n que yo quiero: aprende a partir tu pan con el hambriento, a hospedar a los sin techo, a vestir al desnudo y a no cerrarte a los que son tu propia carne\u2026 Entonces irradiar\u00e1 tu luz como una aurora y tus oscuridades interiores se volver\u00e1n mediod\u00eda\u201d (cf. Isa\u00edas 1 y 58).<\/p>\n<p style=\"text-align: justify\">\u201cY no os content\u00e9is con decir: vamos a la iglesia, vamos a la iglesia\u2026 <strong>\u00bfcre\u00e9is que la casa del Se\u00f1or es una pasarela de modelos?<\/strong>\u201d (cf. Jerem\u00edas 7). \u00bfNo sab\u00e9is que el rico s\u00f3lo puede traer a la iglesia su humillaci\u00f3n porque Dios eligi\u00f3 a los pobres como ricos en el mundo de la fe y herederos del reino de Dios? \u00bfNo son acaso los ricos los que nos zarandean y luego nos llevan a los tribunales, y afrentan el hermoso nombre de cristianos? (carta de Santiago 1,10; 2, 5ss)\u2026<\/p>\n<p style=\"text-align: justify\">Hace a\u00f1os, y por estas razones aqu\u00ed expuestas, el mes de mayo ya fue calificado como <strong>\u201cel mes de los sacrilegios\u201d<\/strong>. Por favor, no me ofend\u00e1is de esa manera, dice el Se\u00f1or.<\/p>\n<p style=\"text-align: justify\"><a href=\"http:\/\/blogs.periodistadigital.com\/miradas-cristianas.php?cat=11711\" target=\"_blank\"><strong>Jos\u00e9 Ignacio Gonz\u00e1lez Faus<\/strong><\/a><\/p>\n<p style=\"text-align: justify\"><a href=\"http:\/\/blogs.periodistadigital.com\/miradas-cristianas.php?cat=11711\">http:\/\/blogs.periodistadigital.com\/miradas-cristianas.php?cat=11711<\/a><\/p>\n","protected":false},"excerpt":{"rendered":"<p>El prestigi\u00f3s te\u00f2leg Jos\u00e9 Ignacio Gonz\u00e1lez Faus, en el seu blog \u201cMIRADAS CRISTIANAS\u201d fa un l\u00facid an\u00e0lisi del que s\u00f3n en realitat i des de fa un munt d\u2019anys -per una gran majoria de nens i nenes (i per als seus pares)- les primeres comunions. Val la pena llegir la carta, sobretot tenint en compte [&hellip;]<\/p>\n","protected":false},"author":214,"featured_media":0,"comment_status":"open","ping_status":"closed","sticky":false,"template":"","format":"standard","meta":{"_jetpack_memberships_contains_paid_content":false,"footnotes":"","jetpack_publicize_message":"","jetpack_publicize_feature_enabled":true,"jetpack_social_post_already_shared":false,"jetpack_social_options":{"image_generator_settings":{"template":"highway","default_image_id":0,"font":"","enabled":false},"version":2}},"categories":[77],"tags":[31820],"class_list":["post-2746","post","type-post","status-publish","format-standard","hentry","category-esglesia","tag-esglesia"],"jetpack_publicize_connections":[],"jetpack_featured_media_url":"","jetpack_shortlink":"https:\/\/wp.me\/pagkjs-Ii","jetpack-related-posts":[],"jetpack_sharing_enabled":true,"_links":{"self":[{"href":"https:\/\/blogs.avui.cat\/jaumepubill\/wp-json\/wp\/v2\/posts\/2746","targetHints":{"allow":["GET"]}}],"collection":[{"href":"https:\/\/blogs.avui.cat\/jaumepubill\/wp-json\/wp\/v2\/posts"}],"about":[{"href":"https:\/\/blogs.avui.cat\/jaumepubill\/wp-json\/wp\/v2\/types\/post"}],"author":[{"embeddable":true,"href":"https:\/\/blogs.avui.cat\/jaumepubill\/wp-json\/wp\/v2\/users\/214"}],"replies":[{"embeddable":true,"href":"https:\/\/blogs.avui.cat\/jaumepubill\/wp-json\/wp\/v2\/comments?post=2746"}],"version-history":[{"count":7,"href":"https:\/\/blogs.avui.cat\/jaumepubill\/wp-json\/wp\/v2\/posts\/2746\/revisions"}],"predecessor-version":[{"id":2753,"href":"https:\/\/blogs.avui.cat\/jaumepubill\/wp-json\/wp\/v2\/posts\/2746\/revisions\/2753"}],"wp:attachment":[{"href":"https:\/\/blogs.avui.cat\/jaumepubill\/wp-json\/wp\/v2\/media?parent=2746"}],"wp:term":[{"taxonomy":"category","embeddable":true,"href":"https:\/\/blogs.avui.cat\/jaumepubill\/wp-json\/wp\/v2\/categories?post=2746"},{"taxonomy":"post_tag","embeddable":true,"href":"https:\/\/blogs.avui.cat\/jaumepubill\/wp-json\/wp\/v2\/tags?post=2746"}],"curies":[{"name":"wp","href":"https:\/\/api.w.org\/{rel}","templated":true}]}}