{"id":2682,"date":"2011-05-29T00:50:15","date_gmt":"2011-05-28T23:50:15","guid":{"rendered":"http:\/\/blogs.avui.cat\/jaumepubill\/?p=2682"},"modified":"2011-05-29T00:50:15","modified_gmt":"2011-05-28T23:50:15","slug":"waka-waka-per-que-per-que-mourinho","status":"publish","type":"post","link":"https:\/\/blogs.avui.cat\/jaumepubill\/2011\/05\/29\/waka-waka-per-que-per-que-mourinho\/","title":{"rendered":"Waka Waka (Per qu\u00e8, per qu\u00e8 Mourinho?)"},"content":{"rendered":"<span class=\"embed-youtube\" style=\"text-align:center; display: block;\"><iframe loading=\"lazy\" class=\"youtube-player\" width=\"600\" height=\"338\" src=\"https:\/\/www.youtube.com\/embed\/pRpeEdMmmQ0?version=3&#038;rel=1&#038;showsearch=0&#038;showinfo=1&#038;iv_load_policy=1&#038;fs=1&#038;hl=ca&#038;autohide=2&#038;wmode=transparent\" allowfullscreen=\"true\" style=\"border:0;\" sandbox=\"allow-scripts allow-same-origin allow-popups allow-presentation allow-popups-to-escape-sandbox\"><\/iframe><\/span>\n<h3>EL WAKA WAKA DEL BAR\u00c7A (Wembley 2011)<\/h3>\n<h4>(Versi\u00f3 lliure i adaptada per l&#8217;ocasi\u00f3)<\/h4>\n<p>Ha arribat el moment, han caigut les muralles<br \/>\nha comen\u00e7at la millor de les batalles.<br \/>\nEls cops no fan mal, no existeix la por<br \/>\nespolseu-vos la pols, aixequeu-vos i torneu a l&#8217;arena.<\/p>\n<p>La passi\u00f3 creix i se sent,<br \/>\nespera molt de vosaltres la vostra gent.<\/p>\n<p>Ara anem a per tot<br \/>\ni que us acompanyi la sort<br \/>\nTsamina mina zangalewa<br \/>\nperqu\u00e8 AIX\u00d2 \u00c9S \u00a0EL BAR\u00c7A!<\/p>\n<p>Tsamina mina eh, eh<br \/>\nWaka Waka eh, eh<br \/>\nTsamina mina zangalewa<br \/>\nPerqu\u00e8 AIX\u00d2 \u00c9S EL BAR\u00c7A!<\/p>\n<p>Escolteu el vostres d\u00e9us i no estareu sols.<br \/>\nHeu arribat aqu\u00ed per a brillar i i ho teniu tot per fer-ho<\/p>\n<p><strong>L&#8217;hora ha arribat, \u00e9s el moment<\/strong><\/p>\n<p><strong>guanyarem la batalla, jo ho present.<\/strong><\/p>\n<p>S&#8217;ha de comen\u00e7ar de zero<br \/>\nper a poder tocar el cel.<\/p>\n<p>Ara anem a per tot,<br \/>\nara anem a per ells<br \/>\nTsamina mina zangalewa<br \/>\nPerqu\u00e8 AIX\u00d2 \u00c9S EL BAR\u00c7A!<\/p>\n<p>Tsamina mina eh, eh<br \/>\nWaka Waka eh, eh<br \/>\nTsamina mina zangalewa<br \/>\nPerqu\u00e8 AIX\u00d2 \u00c9S EL BAR\u00c7A!<\/p>\n<p>Awela Majoni Biggie Biggie Mama One A To Zet<br \/>\nAthi sithi LaMajoni Biggie Biggie Mama From East To West<br \/>\nBathi . . . Waka Waka Ma Eh Eh Waka Waka Ma Eh Eh<br \/>\nZonke zizwe mazi buye<br \/>\nCause this is BAR\u00c7A.<\/p>\n<p>Voice: Tsamina mina, Anawa, ah ah<br \/>\nTsamina mina<br \/>\nTsamina mina, Anawa, ah ah<\/p>\n<p>Tsamina mina, eh eh<br \/>\nWaka waka, eh eh<br \/>\nTsamina mina zangalewa<br \/>\nAnawa, ah ah<\/p>\n<p>Tsamina mina, eh eh<br \/>\nWaka waka, eh eh<br \/>\nTsamina mina zangalewa<br \/>\nPerqu\u00e8 aix\u00f2 \u00e9s el BAR\u00c7A!<\/p>\n<p>Yango eh eh<br \/>\nYango eh eh<br \/>\nTsamina mina zangalewa<br \/>\nAnawa, ah ah<\/p>\n<p>Yango eh eh<br \/>\nYango eh eh<br \/>\nTsamina mina zangalewa<br \/>\nPerqu\u00e8 aix\u00f2 \u00e9s el BAR\u00c7A!<\/p>\n<p>Awel\u00e9 Majoni Biggie Biggie mare Un A Per Zet<br \/>\nAti Sithi LaMajoni Biggie Biggie Mama D&#8217;Orient a Occident<br \/>\nBathi. . . Waka Waka Ma Ei Ei Waka Waka Ma Ep Ep<br \/>\nZonko Mazi zizwe bueix<br \/>\nPerqu\u00e8 aix\u00f2 \u00e9s el BAR\u00c7A!<\/p>\n<p>Tsamina Tsamina, Anawa, ah ah: Veu<\/p>\n<p>Tsamina mina<br \/>\nmina Tsamina, Anawa, ah ah<\/p>\n<p>Tsamina mina, eh eh<br \/>\nWaka waka, eh eh<br \/>\nTsamina mina zangalewa<br \/>\nAnawa, ah ah<\/p>\n<p>Tsamina mina, eh eh<br \/>\nWaka waka, eh eh<br \/>\nTsamina mina zangalewa<br \/>\nPerqu\u00e8 AIX\u00d2 \u00c9S EL BAR\u00c7A!<\/p>\n<p>Yanguas eh eh<br \/>\nYanguas eh eh<br \/>\nTsamina mina zangalewa<br \/>\nAnawa, ah ah<\/p>\n<p>Yanguas eh eh<br \/>\nYanguas eh eh<br \/>\nTsamina mina zangalewa<br \/>\nPerqu\u00e8 AIX\u00d2 \u00c9S EL BAR\u00c7A!<\/p>\n<h1><strong><span style=\"color: #ff0000\">VISCA EL BAR\u00c7A!<\/span><\/strong><\/h1>\n","protected":false},"excerpt":{"rendered":"<p>EL WAKA WAKA DEL BAR\u00c7A (Wembley 2011) (Versi\u00f3 lliure i adaptada per l&#8217;ocasi\u00f3) Ha arribat el moment, han caigut les muralles ha comen\u00e7at la millor de les batalles. Els cops no fan mal, no existeix la por espolseu-vos la pols, aixequeu-vos i torneu a l&#8217;arena. La passi\u00f3 creix i se sent, espera molt de vosaltres [&hellip;]<\/p>\n","protected":false},"author":214,"featured_media":0,"comment_status":"open","ping_status":"closed","sticky":false,"template":"","format":"standard","meta":{"_jetpack_memberships_contains_paid_content":false,"footnotes":"","jetpack_publicize_message":"","jetpack_publicize_feature_enabled":true,"jetpack_social_post_already_shared":false,"jetpack_social_options":{"image_generator_settings":{"template":"highway","default_image_id":0,"font":"","enabled":false},"version":2}},"categories":[816],"tags":[],"class_list":["post-2682","post","type-post","status-publish","format-standard","hentry","category-general"],"jetpack_publicize_connections":[],"jetpack_featured_media_url":"","jetpack_shortlink":"https:\/\/wp.me\/pagkjs-Hg","jetpack-related-posts":[],"jetpack_sharing_enabled":true,"_links":{"self":[{"href":"https:\/\/blogs.avui.cat\/jaumepubill\/wp-json\/wp\/v2\/posts\/2682","targetHints":{"allow":["GET"]}}],"collection":[{"href":"https:\/\/blogs.avui.cat\/jaumepubill\/wp-json\/wp\/v2\/posts"}],"about":[{"href":"https:\/\/blogs.avui.cat\/jaumepubill\/wp-json\/wp\/v2\/types\/post"}],"author":[{"embeddable":true,"href":"https:\/\/blogs.avui.cat\/jaumepubill\/wp-json\/wp\/v2\/users\/214"}],"replies":[{"embeddable":true,"href":"https:\/\/blogs.avui.cat\/jaumepubill\/wp-json\/wp\/v2\/comments?post=2682"}],"version-history":[{"count":19,"href":"https:\/\/blogs.avui.cat\/jaumepubill\/wp-json\/wp\/v2\/posts\/2682\/revisions"}],"predecessor-version":[{"id":2703,"href":"https:\/\/blogs.avui.cat\/jaumepubill\/wp-json\/wp\/v2\/posts\/2682\/revisions\/2703"}],"wp:attachment":[{"href":"https:\/\/blogs.avui.cat\/jaumepubill\/wp-json\/wp\/v2\/media?parent=2682"}],"wp:term":[{"taxonomy":"category","embeddable":true,"href":"https:\/\/blogs.avui.cat\/jaumepubill\/wp-json\/wp\/v2\/categories?post=2682"},{"taxonomy":"post_tag","embeddable":true,"href":"https:\/\/blogs.avui.cat\/jaumepubill\/wp-json\/wp\/v2\/tags?post=2682"}],"curies":[{"name":"wp","href":"https:\/\/api.w.org\/{rel}","templated":true}]}}