{"id":2671,"date":"2011-05-19T23:38:33","date_gmt":"2011-05-19T22:38:33","guid":{"rendered":"http:\/\/blogs.avui.cat\/jaumepubill\/?p=2671"},"modified":"2011-05-19T23:38:33","modified_gmt":"2011-05-19T22:38:33","slug":"reunits-per-no-pas-units","status":"publish","type":"post","link":"https:\/\/blogs.avui.cat\/jaumepubill\/2011\/05\/19\/reunits-per-no-pas-units\/","title":{"rendered":"Reunits per&ograve; no pas units"},"content":{"rendered":"<p align=\"justify\"><img data-recalc-dims=\"1\" loading=\"lazy\" decoding=\"async\" style=\"margin: 0px 12px 0px 0px;float: left\" align=\"left\" src=\"http:\/\/13amunt.files.wordpress.com\/2011\/01\/elecciones.png?resize=201%2C213\" width=\"201\" height=\"213\" \/>M\u2019havia proposat no parlar de les eleccions municipals per\u00f2 les ganes i la necessitat han pogut m\u00e9s que la voluntat. I no en volia parlar perqu\u00e8 les campanyes electorals ja m\u2019han avorrit del tot. M\u2019atipen tant les xerrameques des pol\u00edtics que en aquesta campanya no he llegit cap programa, no he anat a cap m\u00edting, no he vist cap debat i quan era l\u2019hora de les falques electorals canviava d\u2019emissora.<\/p>\n<p align=\"justify\">Penso que en la pol\u00edtica en general \u2013com en la vida- els pactes s\u00f3n essencials. Per\u00f2 \u00e9s que en la pol\u00edtica municipal els considero necessaris i imprescindibles. Les necessitats d\u2019un poble les sabem tots perqu\u00e8 les patim cada dia. Per tant, on millor que els Ajuntaments per anar units, fer pressi\u00f3, buscar diners i fer les coses amb cap i peus? <\/p>\n<p align=\"justify\">Doncs es veu que no. Els partits es passen hores reunits i estudiant estrat\u00e8gies. Els partits es passen hores mirant per on poden agafar in fraganti l\u2019adversari per tal de treure-li p\u00fablicament les vergonyes. Perden el temps mirant quants vots poden treure si diuen aix\u00f2 i es callen all\u00f2; si acusen a un i deixen d\u2019acusar un altre perqu\u00e8 potser despr\u00e9s el necessitaran per governar. En fi, una total p\u00e8rdua de temps i de forces que jo&#160; no estic disposat a aguantar.<\/p>\n<p align=\"justify\">Parodiant aquella frase que es deia dels cristians que \u201ca la fi dels temps, quan torni Jes\u00fas, els trobar\u00e0 reunits per\u00f2 no pas units\u201d, tamb\u00e9 es pot aplicar als pol\u00edtics: no seran capa\u00e7os d\u2019anar units pel b\u00e9 d\u2019un poble; seran incapa\u00e7os de mirar de fer all\u00f2 que considerin millor pel b\u00e9 dels ciutadans; seran incapa\u00e7os de mirar pel b\u00e9 com\u00fa i miraran nom\u00e9s el b\u00e9 del partit, seguint fidelment les seves instruccions.<\/p>\n<p align=\"justify\">La uni\u00f3 donaria el doble de for\u00e7a i multiplicaria el rendiment dels esfor\u00e7os. Al pobles petits, sobretot, la uni\u00f3 \u00e9s fonamental per\u00f2 normalment \u00e9s on m\u00e9s difer\u00e8ncies i distanciament hi ha perqu\u00e8 la gent es coneix molt. Massa, fins i tot. Qualsevol obra o decisi\u00f3 municipal no es jutja per si est\u00e0 ben feta o no, per si \u00e9s necess\u00e0ria o no, per si conv\u00e9 i \u00e9s bona pel poble o no\u2026 Es jutja per qui l\u2019ha duta a terme i, a partir d\u2019aquest moment, li comencen a sortir detractors ac\u00e8rrims arreu.<\/p>\n<p align=\"justify\">El que fa la for\u00e7a \u00e9s la uni\u00f3. I el que no en fa gens ni mica s\u00f3n les reunions, les paraules, les promeses, les visites protocol.l\u00e0ries \u2013i rid\u00edcules- a les empreses i als comer\u00e7os; el repartir bossetes de propaganda o floretes pels mercats amb somriures falsos a la boca i salutacions que volen semblar afectuoses. Jo demanaria als pol\u00edtics municipals que fossin m\u00e9s normals, m\u00e9s propers, que visitessin les empreses o les associacions m\u00e9s sovint i no nom\u00e9s en \u00e8poca d\u2019eleccions; que escoltessin una mica m\u00e9s i parlessin una mica menys. I una cosa: que no prometin el que saben perfectament que no podran acomplir.<\/p>\n<p align=\"justify\">Ah! i una cosa per acabar: fastiguejat i tot, el diumenge anir\u00e9 a votar.<\/p>\n","protected":false},"excerpt":{"rendered":"<p>M\u2019havia proposat no parlar de les eleccions municipals per\u00f2 les ganes i la necessitat han pogut m\u00e9s que la voluntat. I no en volia parlar perqu\u00e8 les campanyes electorals ja m\u2019han avorrit del tot. M\u2019atipen tant les xerrameques des pol\u00edtics que en aquesta campanya no he llegit cap programa, no he anat a cap m\u00edting, [&hellip;]<\/p>\n","protected":false},"author":214,"featured_media":0,"comment_status":"open","ping_status":"closed","sticky":false,"template":"","format":"standard","meta":{"_jetpack_memberships_contains_paid_content":false,"footnotes":"","jetpack_publicize_message":"","jetpack_publicize_feature_enabled":true,"jetpack_social_post_already_shared":false,"jetpack_social_options":{"image_generator_settings":{"template":"highway","default_image_id":0,"font":"","enabled":false},"version":2}},"categories":[172],"tags":[31828],"class_list":["post-2671","post","type-post","status-publish","format-standard","hentry","category-politica","tag-politica"],"jetpack_publicize_connections":[],"jetpack_featured_media_url":"","jetpack_shortlink":"https:\/\/wp.me\/pagkjs-H5","jetpack-related-posts":[],"jetpack_sharing_enabled":true,"_links":{"self":[{"href":"https:\/\/blogs.avui.cat\/jaumepubill\/wp-json\/wp\/v2\/posts\/2671","targetHints":{"allow":["GET"]}}],"collection":[{"href":"https:\/\/blogs.avui.cat\/jaumepubill\/wp-json\/wp\/v2\/posts"}],"about":[{"href":"https:\/\/blogs.avui.cat\/jaumepubill\/wp-json\/wp\/v2\/types\/post"}],"author":[{"embeddable":true,"href":"https:\/\/blogs.avui.cat\/jaumepubill\/wp-json\/wp\/v2\/users\/214"}],"replies":[{"embeddable":true,"href":"https:\/\/blogs.avui.cat\/jaumepubill\/wp-json\/wp\/v2\/comments?post=2671"}],"version-history":[{"count":0,"href":"https:\/\/blogs.avui.cat\/jaumepubill\/wp-json\/wp\/v2\/posts\/2671\/revisions"}],"wp:attachment":[{"href":"https:\/\/blogs.avui.cat\/jaumepubill\/wp-json\/wp\/v2\/media?parent=2671"}],"wp:term":[{"taxonomy":"category","embeddable":true,"href":"https:\/\/blogs.avui.cat\/jaumepubill\/wp-json\/wp\/v2\/categories?post=2671"},{"taxonomy":"post_tag","embeddable":true,"href":"https:\/\/blogs.avui.cat\/jaumepubill\/wp-json\/wp\/v2\/tags?post=2671"}],"curies":[{"name":"wp","href":"https:\/\/api.w.org\/{rel}","templated":true}]}}