{"id":2652,"date":"2011-04-26T21:18:09","date_gmt":"2011-04-26T20:18:09","guid":{"rendered":"http:\/\/blogs.avui.cat\/jaumepubill\/?p=2652"},"modified":"2011-04-26T21:18:09","modified_gmt":"2011-04-26T20:18:09","slug":"lautohipnosi-de-mourinho","status":"publish","type":"post","link":"https:\/\/blogs.avui.cat\/jaumepubill\/2011\/04\/26\/lautohipnosi-de-mourinho\/","title":{"rendered":"L&rsquo;autohipnosi de Mourinho"},"content":{"rendered":"<p align=\"justify\"><img data-recalc-dims=\"1\" loading=\"lazy\" decoding=\"async\" style=\"margin: 0px 10px 0px 0px;float: left\" align=\"left\" src=\"https:\/\/i0.wp.com\/thisisfutbol.com\/wp-content\/uploads\/2011\/03\/Jose-Mourinho1.jpg?resize=220%2C220\" width=\"220\" height=\"220\" \/>Acabo d\u2019escoltar una estona de la roda de premsa de Mourinho i de Guardiola, pr\u00e8via a un dels dos partits importants que ens esperen. Aquests partits els podem guanyar o perdre al terreny de joc, naturalment. Per\u00f2, com ha dit Guardiola, ja els tenim guanyats pel que fa a educaci\u00f3 i formes.<\/p>\n<p align=\"justify\">Una vegada m\u00e9s, la ment de Mourinho va lliscant-li pel m\u00f3n laber\u00edntic del seu pensament retor\u00e7at. Ja fa temps que penso que ha esdevingut una caricatura tragic\u00f2mica. Els trets essencials del seu car\u00e0cter i de la seva manera de fer cada vegada s\u2019han anat tornant m\u00e9s extrems, m\u00e9s estrafets, m\u00e9s acusats i m\u00e9s caricaturescos. Tant, que ara mateix tot ell s\u2019ha transformat en una gran caricatura: gestos, mentides, declaracions, silencis, pensament, insinuacions, ganyotes\u2026 Entrenador, persona i personatge han esdevingut de manera indestriable una exageraci\u00f3 maj\u00fascula com si en aquest individu s\u2019hi hagu\u00e9s produ\u00eft una autohipnosi transformadora.<\/p>\n<p align=\"justify\">Recordeu el protagonista de la novel\u00b7la d\u2019 Orwell \u201c1984\u201d? Es diu Winston. En un moment de descans d\u2019una sessi\u00f3 de gimn\u00e0stica comuna d\u2019aquelles que recomanava (i manava) el Partit, la seva ment comen\u00e7a a posar-se en funcionament i comen\u00e7a a lliscar pel m\u00f3n laber\u00edntic del pensament imposat pel Partit. Va analitzant all\u00f2 que ell sap i creu i tamb\u00e9 all\u00f2 que imposa el partit i que ell posa cr\u00edticament en dubte.<\/p>\n<p align=\"justify\">Mourinho s\u2019ha anat tornant un actor d\u2019aquells que arriben a creure\u2019s tant el personatge que acaben somniant-lo, que els persegueix i que, al final, ells mateixos es converteixen en personatge-actor.<\/p>\n<p align=\"justify\">I quin personatge s\u2019ha forjat Mourinho? El de v\u00edctima, de perseguit, de persona tractada injustament.Sap i no sap el que \u00e9s veritat i el que \u00e9s mentida. \u00c9s conscient d\u2019all\u00f2 que \u00e9s veritat mentre va forjant i construint curosament mentides. Sost\u00e9, de forma quasi simult\u00e0nia en el temps, opinions distintes sabent que s\u00f3n contradict\u00f2ries per\u00f2 rendibles en un espai de temps curt i creient-se, tanmateix, totes elles. I el que \u00e9s pitjor: pretenent fer-les creure als dem\u00e9s, com si tots f\u00f3ssim t\u00f2tils, cr\u00e8duls i no tingu\u00e9ssim mem\u00f2ria.<\/p>\n<p align=\"justify\">Mourinho fa servir la l\u00f2gica contra la l\u00f2gica; rebutja la moralitat tot apel\u00b7lant-hi. Sap tergiversar \u2013quan li conv\u00e9- esdeveniments que l\u2019afavoreixen i sap oblidar-se d\u2019altres que el posen en evid\u00e8ncia. I aquest procediment mentider se l\u2019aplica a si mateix, no s\u00e9 ben b\u00e9 si conscientment o inconscient. Aquesta \u00e9s la subtilesa: induir conscientment a la consci\u00e8ncia i, per tant, esdevenir inconscient de l\u2019acte d\u2019autohipnosi que s\u2019acaba d\u2019aplicar.<\/p>\n<p align=\"justify\"> Artista? C\u00f2mic? Mentider? Eg\u00f2latra? Provocador? Acomplexat? Mal actor? Segurament que una mica de tot i molt d\u2019aix\u00f2 darrer, perqu\u00e8 cada vegada hi ha m\u00e9s gent que no es creuen el personatge i es va afartant de la mala interpretaci\u00f3 que est\u00e0 fent d\u2019aquest llarg sainet que ens va oferint dia s\u00ed, dia tamb\u00e9.<\/p>\n<p align=\"justify\">Per sort, avui en Pep li ha parat els peus amb educaci\u00f3 i eleg\u00e0ncia i l\u2019ha posat al lloc on es mereix estar.<\/p>\n","protected":false},"excerpt":{"rendered":"<p>Acabo d\u2019escoltar una estona de la roda de premsa de Mourinho i de Guardiola, pr\u00e8via a un dels dos partits importants que ens esperen. Aquests partits els podem guanyar o perdre al terreny de joc, naturalment. Per\u00f2, com ha dit Guardiola, ja els tenim guanyats pel que fa a educaci\u00f3 i formes. Una vegada m\u00e9s, [&hellip;]<\/p>\n","protected":false},"author":214,"featured_media":0,"comment_status":"open","ping_status":"closed","sticky":false,"template":"","format":"standard","meta":{"_jetpack_memberships_contains_paid_content":false,"footnotes":"","jetpack_publicize_message":"","jetpack_publicize_feature_enabled":true,"jetpack_social_post_already_shared":false,"jetpack_social_options":{"image_generator_settings":{"template":"highway","default_image_id":0,"font":"","enabled":false},"version":2}},"categories":[14901,657,2792],"tags":[31852,31905],"class_list":["post-2652","post","type-post","status-publish","format-standard","hentry","category-complexos","category-futbol","category-psicologia","tag-futbol","tag-psicologia"],"jetpack_publicize_connections":[],"jetpack_featured_media_url":"","jetpack_shortlink":"https:\/\/wp.me\/pagkjs-GM","jetpack-related-posts":[],"jetpack_sharing_enabled":true,"_links":{"self":[{"href":"https:\/\/blogs.avui.cat\/jaumepubill\/wp-json\/wp\/v2\/posts\/2652","targetHints":{"allow":["GET"]}}],"collection":[{"href":"https:\/\/blogs.avui.cat\/jaumepubill\/wp-json\/wp\/v2\/posts"}],"about":[{"href":"https:\/\/blogs.avui.cat\/jaumepubill\/wp-json\/wp\/v2\/types\/post"}],"author":[{"embeddable":true,"href":"https:\/\/blogs.avui.cat\/jaumepubill\/wp-json\/wp\/v2\/users\/214"}],"replies":[{"embeddable":true,"href":"https:\/\/blogs.avui.cat\/jaumepubill\/wp-json\/wp\/v2\/comments?post=2652"}],"version-history":[{"count":0,"href":"https:\/\/blogs.avui.cat\/jaumepubill\/wp-json\/wp\/v2\/posts\/2652\/revisions"}],"wp:attachment":[{"href":"https:\/\/blogs.avui.cat\/jaumepubill\/wp-json\/wp\/v2\/media?parent=2652"}],"wp:term":[{"taxonomy":"category","embeddable":true,"href":"https:\/\/blogs.avui.cat\/jaumepubill\/wp-json\/wp\/v2\/categories?post=2652"},{"taxonomy":"post_tag","embeddable":true,"href":"https:\/\/blogs.avui.cat\/jaumepubill\/wp-json\/wp\/v2\/tags?post=2652"}],"curies":[{"name":"wp","href":"https:\/\/api.w.org\/{rel}","templated":true}]}}