{"id":2609,"date":"2011-04-01T22:59:00","date_gmt":"2011-04-01T21:59:00","guid":{"rendered":"http:\/\/blogs.avui.cat\/jaumepubill\/?p=2609"},"modified":"2011-04-01T22:59:00","modified_gmt":"2011-04-01T21:59:00","slug":"versos-elementals","status":"publish","type":"post","link":"https:\/\/blogs.avui.cat\/jaumepubill\/2011\/04\/01\/versos-elementals\/","title":{"rendered":"Versos elementals"},"content":{"rendered":"<h2><img data-recalc-dims=\"1\" loading=\"lazy\" decoding=\"async\" style=\"float: left\" align=\"left\" src=\"https:\/\/i0.wp.com\/lletra.uoc.edu\/especials\/folch\/pictures\/oliver.jpg?resize=143%2C182\" width=\"143\" height=\"182\" \/>JOAN OLIVER [PERE QUART] (1899-1986)<\/h2>\n<p><strong><\/strong><\/p>\n<p><strong><\/strong><\/p>\n<p><strong><\/strong><\/p>\n<p><strong><\/strong><\/p>\n<p><strong>VERSOS ELEMENTALS ALS CATALANS DE 1969<\/strong><\/p>\n<dd>\n<p align=\"center\">\n<dd>Catalunya, Val\u00e8ncia, les Illes, <\/dd>\n<dd>tot plegat Catalunya, la Gran, <\/dd>\n<dd>amb gent i la terra i la llengua, <\/dd>\n<dd>i el passat i el present, <\/dd>\n<dd>i el futur que ens espera, <\/dd>\n<dd>bo o dolent, infal.lible! <\/dd>\n<dd>Som encara, aquest any -i en fa trenta!-. <\/dd>\n<dd>un pa\u00eds malmenat per les grapes d&#8217;uns amos, <\/dd>\n<dd>que barregen, impregnen, rebreguen <\/dd>\n<dd>i enllorden <\/dd>\n<dd>un mapa que \u00e9s nostre <\/dd>\n<dd>i en dir nostre vull dir <\/dd>\n<dd>dels qui s\u00f3n catalans <\/dd>\n<dd>per la sang conscient o la tria, <\/dd>\n<dd>els leg\u00edtims hereus <\/dd>\n<dd>d&#8217;una p\u00e0tria petita, com tantes. <\/dd>\n<dd>(Puix que tots ho sabem i ho sofrim: <\/dd>\n<dd>la naixen\u00e7a, ella sola, no d\u00f3na, <\/dd>\n<dd>qu\u00e8 \u00e9s cas! nacionalitat <\/dd>\n<dd>als venuts, tra\u00efdors, botiflers, <\/dd>\n<dd>ni als lacais i als servils <\/dd>\n<dd>-declarats o secrets, vergonyants, <\/dd>\n<dd>ni als janus tampoc, dues cares-, <\/dd>\n<dd>ni als panxuts embandats, <\/dd>\n<dd>la fauna profusa dels bords, <\/dd>\n<dd>la quinta columna que llasta, enferritja, <\/dd>\n<dd>entrebanca i fatiga la nostra esperan\u00e7a!) <\/dd>\n<dd>Per\u00f2 amb tot, malgrat tot, <\/dd>\n<dd>operem i avancem, <\/dd>\n<dd>pac\u00edfics,potser pusil.l\u00e0nimes, <\/dd>\n<dd>per\u00f2 mai resignats <\/dd>\n<dd>i sempre tossuts, <\/dd>\n<dd>i obrim cada dia <\/dd>\n<dd>-importuns, enfadosos, burxons- <\/dd>\n<dd>clivelles de llum en aqueixa pres\u00f3 <\/dd>\n<dd>on, al cap i a la fi, respirem; <\/dd>\n<dd>per\u00f2 l&#8217;aire \u00e9s conf\u00fas, estant\u00eds <\/dd>\n<dd>d&#8217;una pau corrompuda, d&#8217;una pau corruptora, <\/dd>\n<dd>tan injusta, fundada en la por <\/dd>\n<dd>d&#8217;un ordre incivil <\/dd>\n<dd>que ens esprem a profit <\/dd>\n<dd>dels Alt\u00edssims Senyors que l&#8217;imposen <\/dd>\n<dd>i emmetzina penombrosos racons <\/dd>\n<dd>on uns homes an\u00f2nims <\/dd>\n<dd>pateixen, herois del silenci lleial, <\/dd>\n<dd>el turment i la inf\u00e0mia <\/dd>\n<dd>entre mans mercen\u00e0ries <\/dd>\n<dd>(\u00bfcom pot la natura criar aqueixa gent, <\/dd>\n<dd>vergonya de qui l&#8217;ensinistra <\/dd>\n<dd>i la paga, i aix\u00ed la mant\u00e9 <\/dd>\n<dd>sempre tensa en un odi de segles?) <\/dd>\n<dd>Ben cert, les mordasses encara ens fan muts <\/dd>\n<dd>o quecs, o destorben paraules ver\u00eddiques, <\/dd>\n<dd>den\u00fancia obligada, <\/dd>\n<dd>fins el clam carregat de ra\u00f3 contra ocults escamots, <\/dd>\n<dd>mal comprats, brutalment ofensors, <\/dd>\n<dd>que els ulls grossos dels Alts, <\/dd>\n<dd>sorneguers, deixen fer. <\/dd>\n<dd>I aix\u00ed s\u00f3n castigats els qui imploren just\u00edcia! <\/dd>\n<dd>Puix que tots ho veiem: <\/dd>\n<dd>els Summes Senyors Intocables <\/dd>\n<dd>conjuminen, avui, amb sarcasme, <\/dd>\n<dd>segons lleis que ja neixen guerxades, <\/dd>\n<dd>tribunals que resulten incerts, per\u00f2 d\u00f2cils, <\/dd>\n<dd>guarnits de togats, <\/dd>\n<dd>xerraires min\u00fasculs, <\/dd>\n<dd>fatxendosos aut\u00f2mats <\/dd>\n<dd>que tremolen per dins com les fulles. <\/dd>\n<dd>I Temis ad\u00e9s fa plorar i ad\u00e9s riure! <\/dd>\n<dd>Instal.lats als palaus i als balcons i als passeigs <\/dd>\n<dd>-que els besavis i els avis i els pares <\/dd>\n<dd>ens varen llegar-, <\/dd>\n<dd>els Alt\u00edssims Senyors <\/dd>\n<dd>sempre entre ells, per a ells, <\/dd>\n<dd>representen amb pompa farsesca <\/dd>\n<dd>i somriures quallats, fotog\u00e8nics, <\/dd>\n<dd>un joc, par\u00f2dia cruel <\/dd>\n<dd>del net regiment <\/dd>\n<dd>d&#8217;un poble que malda i s&#8217;esplaia <\/dd>\n<dd>i s&#8217;aferma i progressa <\/dd>\n<dd>-en les arts i l&#8217;estudi <\/dd>\n<dd>i el treball i el comer\u00e7, i l&#8217;esport <\/dd>\n<dd>i en els cants i la dansa- <\/dd>\n<dd>contra vent i esquivant <\/dd>\n<dd>la traveta, el cop baix, <\/dd>\n<dd>el parany i l&#8217;esquer llaminer <\/dd>\n<dd>(per\u00f2 ells, si per cas, sempre inflats, <\/dd>\n<dd>ens engeguen les grans desfilades <\/dd>\n<dd>de monstres d&#8217;acer, sorollosa ferralla, <\/dd>\n<dd>amena\u00e7a sinistra, <\/dd>\n<dd>excessiu espantall, <\/dd>\n<dd>dre\u00e7at, s\u00ed, contra el poble <\/dd>\n<dd>indefens i badoc <\/dd>\n<dd>que calla i treballa, i que paga!) <\/dd>\n<dd>Un poble que acull, fraternal, <\/dd>\n<dd>centenars de milers d&#8217;homenets <\/dd>\n<dd>de les p\u00e0tries ve\u00efnes, <\/dd>\n<dd>fugitius a tot risc d&#8217;unes terres eixorques, <\/dd>\n<dd>que els Alt\u00edssims <\/dd>\n<dd>abandonen a llur doble dest\u00ed <\/dd>\n<dd>d&#8217;enormes ermots i vedats senyor\u00edvols, <\/dd>\n<dd>a despit -qui ho ent\u00e9n?- <\/dd>\n<dd>dels tan publicats i vantats regadius formidables, <\/dd>\n<dd>que tots, i nosaltres davant, hem bastit <\/dd>\n<dd>si us plau, no, doncs per for\u00e7a! <\/dd>\n<dd>Per\u00f2 som catalans <\/dd>\n<dd>-bene\u00efda merc\u00e8 de l&#8217;atzar- <\/dd>\n<dd>i ens cal viure i morir catalans, <\/dd>\n<dd>i ens pertoca adre\u00e7ar qui sap com, <\/dd>\n<dd>de totes passades, <\/dd>\n<dd>en temps de maror o de falsa bonan\u00e7a, <\/dd>\n<dd>amb la vista i el cor llan\u00e7ats endavant, <\/dd>\n<dd>aquest nom i aquest fet i aquesta natura <\/dd>\n<dd>tan propis i aut\u00e8ntics, <\/dd>\n<dd>no venals, entranyats fins a l&#8217;\u00e0nima. <\/dd>\n<dd>Com podem dimitir la nissaga? <\/dd>\n<dd>Altrament, on caur\u00edem? <\/dd>\n<dd>Descastats, sense arrels, <\/dd>\n<dd>m\u00e9s poc f\u00f3rem que un arbre, <\/dd>\n<dd>que un ocell de bardissa, <\/dd>\n<dd>que els camins que petgem cada dia. <\/dd>\n<dd>Com robots de carn i sang, <\/dd>\n<dd>errar\u00edem pel m\u00f3n sense rostre. <\/dd>\n<dd>Ni la llar ja no espera qui renega de la p\u00e0tria, <\/dd>\n<dd>miserable germ\u00e0 que ha perdut la bandera <\/dd>\n<dd>i el cel blau o estelat o en tempesta, <\/dd>\n<dd>que fou t\u00e0lem del seu primer al\u00e8. <\/dd>\n<dd>Cal que esborri per sempre el record de la mare, <\/dd>\n<dd>del cloquer del seu poble, <\/dd>\n<dd>dels bells noms d&#8217;una font, d&#8217;un pujol; <\/dd>\n<dd>d&#8217;una blanca masia amb paller <\/dd>\n<dd>i una noia gentil al llindar; <\/dd>\n<dd>dels tendres o br\u00f2fecs companys d&#8217;infantesa, <\/dd>\n<dd>del vell mestre que un dia els parlava, <\/dd>\n<dd>d&#8217;amagat, en la llengua sagrada de casa, <\/dd>\n<dd>amb la veu mig rompuda! <\/dd>\n<dd>Perqu\u00e8 som i ens sentim catalans <\/dd>\n<dd>estimem i cerquem, en la lliure abra\u00e7ada, <\/dd>\n<dd>l&#8217;esperit i l&#8217;exemple <\/dd>\n<dd>d&#8217;altres pobles de races i lleng\u00fces diverses, <\/dd>\n<dd>i el tracte de tots, i el contacte, <\/dd>\n<dd>a profit de l&#8217;empresa comuna i urgent <\/dd>\n<dd>de mudar el m\u00f3n i els homes <\/dd>\n<dd>en la pau solid\u00e0ria, <\/dd>\n<dd>i en l&#8217;entesa fecunda; <\/dd>\n<dd>tots francs i benignes, <\/dd>\n<dd>generosos, fidels, sense enveja, <\/dd>\n<dd>tots plegats contra els focus <\/dd>\n<dd>de la vil cobejan\u00e7a, <\/dd>\n<dd>del diner corrosiu, <\/dd>\n<dd>dels terrors metaf\u00edsics, <\/dd>\n<dd>dels par\u00e0sits amb vara o espasa, o amb b\u00e0cul, <\/dd>\n<dd>de l&#8217;orgull de la sang blava i p\u00fatrida, <\/dd>\n<dd>del poder d&#8217;una for\u00e7a robada&#8230; <\/dd>\n<dd>Catalunya, Val\u00e8ncia, les Illes, <\/dd>\n<dd>la Gran Catalunya, <\/dd>\n<dd>amb la gent i la terra i la llengua, <\/dd>\n<dd>i el passat i el present <\/dd>\n<dd>i el futur que ens espera, <\/dd>\n<dd>bo o dolent, infal.lible! <\/dd>\n<dd>Tot dep\u00e8n, sapiguem-ho! <\/dd>\n<dd>de la fe, de l&#8217;amor, <\/dd>\n<dd>de les obres. <\/dd>\n<dd>Tot dep\u00e8n de nosaltres. <\/dd>\n<dd>Tot dep\u00e8n, sobretot, de vosaltres: <\/dd>\n<dd>els joves! <\/p>\n<dl>\n<dt>\n<dl>\n<dt><\/dt>\n<dd><em>Cap d&#8217;any 1969<\/em><\/dd>\n<\/dl>\n<\/dt>\n<\/dl>\n<\/dd>\n<\/dd>\n<dd>\n<div align=\"center\"> <\/div>\n<\/dd>\n","protected":false},"excerpt":{"rendered":"<p>JOAN OLIVER [PERE QUART] (1899-1986) VERSOS ELEMENTALS ALS CATALANS DE 1969 Catalunya, Val\u00e8ncia, les Illes, tot plegat Catalunya, la Gran, amb gent i la terra i la llengua, i el passat i el present, i el futur que ens espera, bo o dolent, infal.lible! Som encara, aquest any -i en fa trenta!-. un pa\u00eds malmenat [&hellip;]<\/p>\n","protected":false},"author":214,"featured_media":0,"comment_status":"open","ping_status":"closed","sticky":false,"template":"","format":"standard","meta":{"_jetpack_memberships_contains_paid_content":false,"footnotes":"","jetpack_publicize_message":"","jetpack_publicize_feature_enabled":true,"jetpack_social_post_already_shared":false,"jetpack_social_options":{"image_generator_settings":{"template":"highway","default_image_id":0,"font":"","enabled":false},"version":2}},"categories":[145],"tags":[27364,31825],"class_list":["post-2609","post","type-post","status-publish","format-standard","hentry","category-poesia","tag-pere-quart","tag-poesia"],"jetpack_publicize_connections":[],"jetpack_featured_media_url":"","jetpack_shortlink":"https:\/\/wp.me\/pagkjs-G5","jetpack-related-posts":[],"jetpack_sharing_enabled":true,"_links":{"self":[{"href":"https:\/\/blogs.avui.cat\/jaumepubill\/wp-json\/wp\/v2\/posts\/2609","targetHints":{"allow":["GET"]}}],"collection":[{"href":"https:\/\/blogs.avui.cat\/jaumepubill\/wp-json\/wp\/v2\/posts"}],"about":[{"href":"https:\/\/blogs.avui.cat\/jaumepubill\/wp-json\/wp\/v2\/types\/post"}],"author":[{"embeddable":true,"href":"https:\/\/blogs.avui.cat\/jaumepubill\/wp-json\/wp\/v2\/users\/214"}],"replies":[{"embeddable":true,"href":"https:\/\/blogs.avui.cat\/jaumepubill\/wp-json\/wp\/v2\/comments?post=2609"}],"version-history":[{"count":0,"href":"https:\/\/blogs.avui.cat\/jaumepubill\/wp-json\/wp\/v2\/posts\/2609\/revisions"}],"wp:attachment":[{"href":"https:\/\/blogs.avui.cat\/jaumepubill\/wp-json\/wp\/v2\/media?parent=2609"}],"wp:term":[{"taxonomy":"category","embeddable":true,"href":"https:\/\/blogs.avui.cat\/jaumepubill\/wp-json\/wp\/v2\/categories?post=2609"},{"taxonomy":"post_tag","embeddable":true,"href":"https:\/\/blogs.avui.cat\/jaumepubill\/wp-json\/wp\/v2\/tags?post=2609"}],"curies":[{"name":"wp","href":"https:\/\/api.w.org\/{rel}","templated":true}]}}