{"id":2533,"date":"2011-03-22T20:55:22","date_gmt":"2011-03-22T19:55:22","guid":{"rendered":"http:\/\/blogs.avui.cat\/jaumepubill\/?p=2533"},"modified":"2011-03-22T20:55:22","modified_gmt":"2011-03-22T19:55:22","slug":"anar-a-peu-2","status":"publish","type":"post","link":"https:\/\/blogs.avui.cat\/jaumepubill\/2011\/03\/22\/anar-a-peu-2\/","title":{"rendered":"Anar a peu"},"content":{"rendered":"<p><img data-recalc-dims=\"1\" loading=\"lazy\" decoding=\"async\" style=\"margin: 0px 13px 0px 0px;float: left\" align=\"left\" src=\"https:\/\/i0.wp.com\/www.berlingieri-photo.com\/Bulla\/Caminantes.jpg?resize=276%2C164\" width=\"276\" height=\"164\" \/>El meu blog es diu <strong>\u201cA PEU\u201d<\/strong> perqu\u00e8, com ja he explicat en alguna altra ocasi\u00f3, \u00e9s caminant poc a poc com millor s\u2019observen les coses, les persones, les situacions i \u2013en una paraula- la mateixa vida.<\/p>\n<p>\u00c9s anant <strong>a peu<\/strong>, anant a poc a poc, quan descobrim els altres i ens descobrim a nosaltres mateixos. \u00c9s quan ens prenem el temps necessari per mirar-ho tot amb nous ulls, amb nova mirada. \u00c9s caminant com descobrim la ciutat, els carrers, els edificis, la gent que seu a la pla\u00e7a, la gent que treballa i la complexitat que t\u00e9 la vida d\u2019una societat desenvolupada.<\/p>\n<p>\u00c9s anant <strong>a peu<\/strong> quan podem pensar millor, quan els nostres sentits es desperten, quan tot ens arriba millor al nostre interior a trav\u00e9s dels sentits que recullen el m\u00f3n exterior, ens l\u2019ofereixen i ens el regalen en forma de nous est\u00edmuls i noves possibilitats..<\/p>\n<p>Podem anar <strong>a peu<\/strong> sols o acompanyats. Cada situaci\u00f3 t\u00e9 els seus pros i els seus contres. La solitud i el silenci que ens regala l\u2019anar sols ens pot fer rec\u00f3rrer camins interiors a l\u2019encontre de nosaltres mateixos, cosa dif\u00edcil d\u2019assolir perqu\u00e8 el con\u00e8ixer-se a un mateix \u00e9s una de les feines m\u00e9s complicades que existeixen, com ja deien els grecs.<\/p>\n<p>Anar <strong>a peu<\/strong> acompanyat o acompanyant ens fa descobrir l\u2019altre, ens fa dialogar, ens fa veure coses noves i nous punts de vista que possiblement no hav\u00edem vist mai. Ens fa comparar i fa que ens haguem de relacionar. Ens fa sospesar i ens fa valorar la companyia i relativitza les nostres forces i les nostres capacitats. Ens far\u00e0 veure les difer\u00e8ncies que enriqueixen, els punts de vista que ens fan cr\u00e9ixer i els afectes que ennobleixen. Ens far\u00e0 veure que potser haurem d\u2019anar m\u00e9s de pressa o m\u00e9s a poc a poc. Potser haurem d\u2019esperar o potser ens haurem d\u2019espavilar per tal de poder ser un bon company de viatge.<\/p>\n<p><strong>En fi, que anar a peu significa que encara podem moure\u2019ns, que encara som vius i que encara tenim moltes coses a fer. <\/strong><\/p>\n","protected":false},"excerpt":{"rendered":"<p>El meu blog es diu \u201cA PEU\u201d perqu\u00e8, com ja he explicat en alguna altra ocasi\u00f3, \u00e9s caminant poc a poc com millor s\u2019observen les coses, les persones, les situacions i \u2013en una paraula- la mateixa vida. \u00c9s anant a peu, anant a poc a poc, quan descobrim els altres i ens descobrim a nosaltres [&hellip;]<\/p>\n","protected":false},"author":214,"featured_media":0,"comment_status":"open","ping_status":"closed","sticky":false,"template":"","format":"standard","meta":{"_jetpack_memberships_contains_paid_content":false,"footnotes":"","jetpack_publicize_message":"","jetpack_publicize_feature_enabled":true,"jetpack_social_post_already_shared":false,"jetpack_social_options":{"image_generator_settings":{"template":"highway","default_image_id":0,"font":"","enabled":false},"version":2}},"categories":[3787],"tags":[31920],"class_list":["post-2533","post","type-post","status-publish","format-standard","hentry","category-a-peu","tag-a-peu"],"jetpack_publicize_connections":[],"jetpack_featured_media_url":"","jetpack_shortlink":"https:\/\/wp.me\/pagkjs-ER","jetpack-related-posts":[],"jetpack_sharing_enabled":true,"_links":{"self":[{"href":"https:\/\/blogs.avui.cat\/jaumepubill\/wp-json\/wp\/v2\/posts\/2533","targetHints":{"allow":["GET"]}}],"collection":[{"href":"https:\/\/blogs.avui.cat\/jaumepubill\/wp-json\/wp\/v2\/posts"}],"about":[{"href":"https:\/\/blogs.avui.cat\/jaumepubill\/wp-json\/wp\/v2\/types\/post"}],"author":[{"embeddable":true,"href":"https:\/\/blogs.avui.cat\/jaumepubill\/wp-json\/wp\/v2\/users\/214"}],"replies":[{"embeddable":true,"href":"https:\/\/blogs.avui.cat\/jaumepubill\/wp-json\/wp\/v2\/comments?post=2533"}],"version-history":[{"count":0,"href":"https:\/\/blogs.avui.cat\/jaumepubill\/wp-json\/wp\/v2\/posts\/2533\/revisions"}],"wp:attachment":[{"href":"https:\/\/blogs.avui.cat\/jaumepubill\/wp-json\/wp\/v2\/media?parent=2533"}],"wp:term":[{"taxonomy":"category","embeddable":true,"href":"https:\/\/blogs.avui.cat\/jaumepubill\/wp-json\/wp\/v2\/categories?post=2533"},{"taxonomy":"post_tag","embeddable":true,"href":"https:\/\/blogs.avui.cat\/jaumepubill\/wp-json\/wp\/v2\/tags?post=2533"}],"curies":[{"name":"wp","href":"https:\/\/api.w.org\/{rel}","templated":true}]}}