{"id":253,"date":"2009-03-03T20:04:19","date_gmt":"2009-03-03T19:04:19","guid":{"rendered":"http:\/\/blogs.avui.cat\/jaumepubill\/2009\/03\/03\/pactar-amb-el-diable\/"},"modified":"2009-03-03T20:04:19","modified_gmt":"2009-03-03T19:04:19","slug":"pactar-amb-el-diable","status":"publish","type":"post","link":"https:\/\/blogs.avui.cat\/jaumepubill\/2009\/03\/03\/pactar-amb-el-diable\/","title":{"rendered":"Pactar amb el diable."},"content":{"rendered":"<p><img data-recalc-dims=\"1\" decoding=\"async\" src=\"https:\/\/i0.wp.com\/instalaches.com\/wp-content\/uploads\/2007\/12\/rajoyzp.jpg\" \/> <\/p>\n<p>Encara no s\u2019ha produ\u00eft el pacte per\u00f2 tothom el veu venir: al Pa\u00eds Basc els socialistes pactaran amb qui sigui (amb el mateix diable si fos necessari) amb la \u00fanica finalitat de governar.<\/p>\n<p>A Catalunya va passar m\u00e9s o menys el mateix. Els socialistes catalans van fer un primer tripartit, un segon i en faran tants com puguin, tamb\u00e9 amb l\u2019\u00fanica finalitat de no aixecar el cul de la cadira.<\/p>\n<p>Per\u00f2 jo no em queixo d\u2019aix\u00f2. La lleis de la democr\u00e0cia fa que aquestes coses es puguin donar. Del que em queixo \u00e9s d\u2019aquesta demonitzaci\u00f3 que es fa del nacionalisme per part dels partits, diguem-ne grans (una dubtosa grandesa, per cert, \u00e9s la que mostren a vegades). I tamb\u00e9 em queixo de la poca vivesa i perspectiva pol\u00edtica que mostren els nacionalistes en general. S\u00f3n tan miops i tan egoistes que tos es miren nom\u00e9s el melic i el b\u00e9 del seu partit. Els pactes com GALEUSKA, o coses semblants, s\u00f3n paper moll, coses per quedar b\u00e9. Per\u00f2 res seri\u00f3s.<\/p>\n<p>El \u201cgrans\u201d faran una Llei de Partits, modificaran tantes lleis com sigui necessari i es posaran d\u2019acord el PP i el PSOE amb la \u00fanica finalitat d\u2019arrabassar el poder all\u00e0 on ells no hi s\u00f3n. De nacionalisme espanyol no en parlen. Es veu que aquest no deu existir. La \u201cgrandeza y la unidad de Espa\u00f1a\u201d es veu que \u00e9s el m\u00e9s important. Est\u00e0 en perill Espa\u00f1a, diuen ells. La veritat \u00e9s que no s\u00e9 el que volen salvar\u2026. Espanya ja ha naufragat fa temps i deuen voler salvar les restes del naufragi. Ja hi posen bona voluntat, ja\u2026.!<\/p>\n<p>O sigui, que anem-nos preparant: cada dia veurem m\u00e9s pactes amb el diable. Ara nom\u00e9s falta saber qui \u00e9s el diable.<\/p>\n<div>Etiquetes de Technorati: <a href=\"http:\/\/technorati.com\/tags\/Pol%c3%adtica\" rel=\"tag\">Pol&#237;tica<\/a>,<a href=\"http:\/\/technorati.com\/tags\/PP\" rel=\"tag\">PP<\/a>,<a href=\"http:\/\/technorati.com\/tags\/PSOE\" rel=\"tag\">PSOE<\/a>,<a href=\"http:\/\/technorati.com\/tags\/Pactes\" rel=\"tag\">Pactes<\/a>,<a href=\"http:\/\/technorati.com\/tags\/Nacionalisme\" rel=\"tag\">Nacionalisme<\/a><\/div>\n","protected":false},"excerpt":{"rendered":"<p>Encara no s\u2019ha produ\u00eft el pacte per\u00f2 tothom el veu venir: al Pa\u00eds Basc els socialistes pactaran amb qui sigui (amb el mateix diable si fos necessari) amb la \u00fanica finalitat de governar. A Catalunya va passar m\u00e9s o menys el mateix. Els socialistes catalans van fer un primer tripartit, un segon i en faran [&hellip;]<\/p>\n","protected":false},"author":214,"featured_media":0,"comment_status":"open","ping_status":"open","sticky":false,"template":"","format":"standard","meta":{"_jetpack_memberships_contains_paid_content":false,"footnotes":"","jetpack_publicize_message":"","jetpack_publicize_feature_enabled":true,"jetpack_social_post_already_shared":false,"jetpack_social_options":{"image_generator_settings":{"template":"highway","default_image_id":0,"font":"","enabled":false},"version":2}},"categories":[172],"tags":[31841,3845,79,86],"class_list":["post-253","post","type-post","status-publish","format-standard","hentry","category-politica","tag-nacionalisme","tag-pactes","tag-pp","tag-psoe"],"jetpack_publicize_connections":[],"jetpack_featured_media_url":"","jetpack_shortlink":"https:\/\/wp.me\/pagkjs-45","jetpack-related-posts":[],"jetpack_sharing_enabled":true,"_links":{"self":[{"href":"https:\/\/blogs.avui.cat\/jaumepubill\/wp-json\/wp\/v2\/posts\/253","targetHints":{"allow":["GET"]}}],"collection":[{"href":"https:\/\/blogs.avui.cat\/jaumepubill\/wp-json\/wp\/v2\/posts"}],"about":[{"href":"https:\/\/blogs.avui.cat\/jaumepubill\/wp-json\/wp\/v2\/types\/post"}],"author":[{"embeddable":true,"href":"https:\/\/blogs.avui.cat\/jaumepubill\/wp-json\/wp\/v2\/users\/214"}],"replies":[{"embeddable":true,"href":"https:\/\/blogs.avui.cat\/jaumepubill\/wp-json\/wp\/v2\/comments?post=253"}],"version-history":[{"count":0,"href":"https:\/\/blogs.avui.cat\/jaumepubill\/wp-json\/wp\/v2\/posts\/253\/revisions"}],"wp:attachment":[{"href":"https:\/\/blogs.avui.cat\/jaumepubill\/wp-json\/wp\/v2\/media?parent=253"}],"wp:term":[{"taxonomy":"category","embeddable":true,"href":"https:\/\/blogs.avui.cat\/jaumepubill\/wp-json\/wp\/v2\/categories?post=253"},{"taxonomy":"post_tag","embeddable":true,"href":"https:\/\/blogs.avui.cat\/jaumepubill\/wp-json\/wp\/v2\/tags?post=253"}],"curies":[{"name":"wp","href":"https:\/\/api.w.org\/{rel}","templated":true}]}}