{"id":2513,"date":"2011-03-13T23:32:08","date_gmt":"2011-03-13T22:32:08","guid":{"rendered":"http:\/\/blogs.avui.cat\/jaumepubill\/?p=2513"},"modified":"2011-03-13T23:32:08","modified_gmt":"2011-03-13T22:32:08","slug":"una-altra-opini","status":"publish","type":"post","link":"https:\/\/blogs.avui.cat\/jaumepubill\/2011\/03\/13\/una-altra-opini\/","title":{"rendered":"Una altra opini&oacute;"},"content":{"rendered":"<p align=\"justify\"><b><img data-recalc-dims=\"1\" loading=\"lazy\" decoding=\"async\" style=\"margin: 0px 11px 0px 0px;float: left\" align=\"left\" src=\"https:\/\/i0.wp.com\/1.bp.blogspot.com\/_vbhiCnJBsZg\/TB6SqYn_9XI\/AAAAAAAAFLQ\/sniXvikSItw\/s400\/RAMON%2BCHAO.jpg?resize=167%2C172\" width=\"167\" height=\"172\" \/>Abans d\u2019ahir aportava un \u201cgran document\u201d (?) d\u2019alg\u00fa a qui li qu\u00e8iem una mica malament els catalans. Per\u00f2, no tothom \u00e9s tan curt de gambals i s\u00e9 perfectament que tamb\u00e9 hi ha algunes persones m\u00e9s a qui li caiem millor.<\/b><\/p>\n<p align=\"justify\"><b>Us ben asseguro que no \u00e9s per aixecar l\u2019autoestima de ning\u00fa (em sembla que no ens cal) per\u00f2 \u00e9s que he trobat unes s\u00e0vies paraules d\u2019en <em>Ram\u00f3n Chao<\/em> i tamb\u00e9 us les vull fer arribar. \u00c9s el punt de vista d\u2019alg\u00fa que sembla que ens estima una mica m\u00e9s&#8230;<\/b> <\/p>\n<p align=\"justify\"><b>Article aparegut a \u201cLa Voz de Galicia\u201d. Febrer del 2007.      <br \/><\/b>    <br \/><em>Me gustan los catalanes porque a lo largo de su historia acogieron e integraron a \u00edberos, fenicios, cartagineses, griegos, romanos, jud\u00edos, \u00e1rabes y toda clase de charnegos y sudacas, sin conocer los problemas que afectan ahora a Francia; es un ejemplo.<\/em><\/p>\n<p align=\"justify\"><em>Me gustan los catalanes porque ya el 7 de abril de 1249 (uno va hacia Matusal\u00e9n) el rey Jaime I nombr\u00f3 a cuatro prohombres de Barcelona (los paers) para dirimir los conflictos de la ciudad sin violencias ni reyertas. Esos hombres sabios, que pasaron a cien en 1265, (el Consell de Cent), iniciaron el sistema del gobierno municipal de Barcelona. Gracias a ellos rein\u00f3 all\u00ed la concordia, y antes de empu\u00f1ar las armas prefirieron siempre emplear la raz\u00f3n.<\/em><\/p>\n<p align=\"justify\"><em>Me gustan los catalanes porque en toda su historia no han ganado ni una sola guerra, y encima les da por conmemorar como fiesta nacional una de las batallas que perdieron en 1714 a manos de las tropas de Felipe V de Borb\u00f3n. Catalu\u00f1a hab\u00eda dejado de ser una naci\u00f3n soberana. Desde entonces, cada 11 de septiembre muchos catalanes y catalanas, como hay que decir ahora, se manifiestan para reclamar sus libertades.<\/em><\/p>\n<p align=\"justify\"><em>Me gustan las catalanas porque una de ellas, joven y bien plantada por cierto, no vacil\u00f3 en pegarse a mi espalda durante cuatro d\u00edas en el asiento trasero de una vespa cuando recorr\u00ed la pen\u00ednsula en pos de Prisciliano.<\/em><\/p>\n<p align=\"justify\"><em>Me gustan los catalanes porque tienen de emblema un burro tenaz, trabajador y reflexivo, muy alejado del toro ib\u00e9rico cuyas bravas y ciegas embestidas lo abocan a la muerte. Estos animales son de una raza registrada, protegida, y prol\u00edferos sementales. Al igual que el cava, se exportan a numerosos pa\u00edses para mejorar la especie aut\u00f3ctona, como a Estados Unidos, donde crearon el Kentucky-catalan donkey . Y all\u00ed no piensan, ni mucho menos, en boicotearlos.      <br \/>Cierto es que en el car\u00e1cter catal\u00e1n confluyen las virtudes del asno. Pero los rasgos diferenciales no se limitan a los de este cuadr\u00fapedo.<\/em><\/p>\n<p align=\"justify\"><em>La poblaci\u00f3n catalana se define por una doble caracter\u00edstica : el seny y la rauxa.El seny implica sabidur\u00eda, juicio mesurado y sentido com\u00fan. Ten\u00eda seny aquel catal\u00e1n que iba en un compartimiento de un tren al lado de la ventanilla. Tiritaban de fr\u00edo y los otros pasajeros le pidieron que la subiera: &#8216;Es igual&#8217;, contest\u00f3 a varias solicitudes, hasta que un mesetario se levant\u00f3 furioso y alz\u00f3 la ventanilla&#8230; \u00a1cuyo cristal estaba roto! &#8216;Es igual&#8217;, volvi\u00f3 a repetir el buen hombre con toda su santa cachaza. Al seny le responde la rauxa, asimilable a la ocurrencia caprichosa, la boutade (frase ingeniosa y absurda). Cuando de joven y surrealista Dal\u00ed iba en el metro y ve\u00eda a un cura con sotana, le dec\u00eda: &#8216;Si\u00e9ntese, se\u00f1ora&#8217;.<\/em><\/p>\n<p align=\"justify\"><em>La alianza de estas dos facetas en un solo individuo forma el car\u00e1cter catal\u00e1n, que se comunica, se comparte y se aprecia. El otro d\u00eda al regresar a Par\u00eds en avi\u00f3n desde Barcelona quise ayudarle a un pasajero, dada la exig\u00fcidad del espacio, a ponerse el abrigo: &#8216;No, por favor, no se moleste, que bastante trabajo me cuesta a m\u00ed s\u00f3lo&#8217;.. Pero lo m\u00e1s refinado lo percib\u00ed en el taller del ceramista Artigas. \u00c9l y Joan Mir\u00f3 estaban trabajando en el mural del aeropuerto de Barcelona. Le ped\u00ed a Mir\u00f3 que le dedicara una lito a mis hijos. Puso:&#8217;Para Manu y Antoine, afectuosament&#8217;. Cuando la vio Artigas hizo este parco comentario: &#8216;Te lo escribi\u00f3 en catal\u00e1n para ahorrarse una letra&#8217;.<\/em><\/p>\n<p align=\"justify\"><em>Me gusta Catalu\u00f1a porque all\u00ed, seg\u00fan Arcadi Espada, don Quijote recobr\u00f3 la raz\u00f3n, sin duda contagiado por el seny . Me hubiera dado mucha pena que el Ingenioso caballero muriera loco.<\/em><\/p>\n<p align=\"justify\"><em>Me gusta Catalu\u00f1a en fin y sobre todo porque uno de mis hijos eligi\u00f3 su capital para vivir en ella por ser una ciudad abierta, tolerante y discreta.<\/em><\/p>\n<p align=\"justify\"><strong>Ram\u00f3n Chao      <br \/><\/strong><\/p>\n<p align=\"justify\">M\u00fasic, escriptor i periodista. Cavaller de les Arts i les lletres pel Govern Franc\u00e8s.<\/p>\n<p align=\"justify\">Pare del cantant Manu Chao.<\/p>\n","protected":false},"excerpt":{"rendered":"<p>Abans d\u2019ahir aportava un \u201cgran document\u201d (?) d\u2019alg\u00fa a qui li qu\u00e8iem una mica malament els catalans. Per\u00f2, no tothom \u00e9s tan curt de gambals i s\u00e9 perfectament que tamb\u00e9 hi ha algunes persones m\u00e9s a qui li caiem millor. Us ben asseguro que no \u00e9s per aixecar l\u2019autoestima de ning\u00fa (em sembla que no [&hellip;]<\/p>\n","protected":false},"author":214,"featured_media":0,"comment_status":"open","ping_status":"closed","sticky":false,"template":"","format":"standard","meta":{"_jetpack_memberships_contains_paid_content":false,"footnotes":"","jetpack_publicize_message":"","jetpack_publicize_feature_enabled":true,"jetpack_social_post_already_shared":false,"jetpack_social_options":{"image_generator_settings":{"template":"highway","default_image_id":0,"font":"","enabled":false},"version":2}},"categories":[877],"tags":[31863,27352],"class_list":["post-2513","post","type-post","status-publish","format-standard","hentry","category-catalunya","tag-catalunya","tag-ramon-chao"],"jetpack_publicize_connections":[],"jetpack_featured_media_url":"","jetpack_shortlink":"https:\/\/wp.me\/pagkjs-Ex","jetpack-related-posts":[],"jetpack_sharing_enabled":true,"_links":{"self":[{"href":"https:\/\/blogs.avui.cat\/jaumepubill\/wp-json\/wp\/v2\/posts\/2513","targetHints":{"allow":["GET"]}}],"collection":[{"href":"https:\/\/blogs.avui.cat\/jaumepubill\/wp-json\/wp\/v2\/posts"}],"about":[{"href":"https:\/\/blogs.avui.cat\/jaumepubill\/wp-json\/wp\/v2\/types\/post"}],"author":[{"embeddable":true,"href":"https:\/\/blogs.avui.cat\/jaumepubill\/wp-json\/wp\/v2\/users\/214"}],"replies":[{"embeddable":true,"href":"https:\/\/blogs.avui.cat\/jaumepubill\/wp-json\/wp\/v2\/comments?post=2513"}],"version-history":[{"count":0,"href":"https:\/\/blogs.avui.cat\/jaumepubill\/wp-json\/wp\/v2\/posts\/2513\/revisions"}],"wp:attachment":[{"href":"https:\/\/blogs.avui.cat\/jaumepubill\/wp-json\/wp\/v2\/media?parent=2513"}],"wp:term":[{"taxonomy":"category","embeddable":true,"href":"https:\/\/blogs.avui.cat\/jaumepubill\/wp-json\/wp\/v2\/categories?post=2513"},{"taxonomy":"post_tag","embeddable":true,"href":"https:\/\/blogs.avui.cat\/jaumepubill\/wp-json\/wp\/v2\/tags?post=2513"}],"curies":[{"name":"wp","href":"https:\/\/api.w.org\/{rel}","templated":true}]}}