{"id":246,"date":"2009-02-26T20:13:04","date_gmt":"2009-02-26T19:13:04","guid":{"rendered":"http:\/\/blogs.avui.cat\/jaumepubill\/2009\/02\/26\/rucs-catalans\/"},"modified":"2009-02-26T20:13:04","modified_gmt":"2009-02-26T19:13:04","slug":"rucs-catalans","status":"publish","type":"post","link":"https:\/\/blogs.avui.cat\/jaumepubill\/2009\/02\/26\/rucs-catalans\/","title":{"rendered":"Rucs catalans."},"content":{"rendered":"<p>&#160;<\/p>\n<p><img data-recalc-dims=\"1\" loading=\"lazy\" decoding=\"async\" height=\"341\" src=\"https:\/\/i0.wp.com\/2.bp.blogspot.com\/_JCZR-qYzIPM\/SZskiCdUVNI\/AAAAAAAABbA\/UpjOXOxIN3c\/S220\/zp%2Bburro%2Bcatal%C3%A0.jpg?resize=252%2C341\" width=\"252\" \/><\/p>\n<p>&#160;<\/p>\n<p>Que la Renfe no vagi de cap manera, ho suportarem com sigui. Ja hi estem acostumats.<\/p>\n<p>Que el flamant aeroport ens el segueixin gestionant des de Madrid sembla que ser\u00e0 inevitable. I que sembla que parlar\u00e0 m\u00e9s castell\u00e0 que catal\u00e0 tamb\u00e9 ho aguantarem ferms i decidits. Nom\u00e9s faltaria!<\/p>\n<p>Que els diners que ens deuen des de temps immemorials i que van arribant amb compta gotes ara sembla que arriben al dia iens volen fer creure que s\u00f3n uns grans complidors de promeses\u2026.. doncs, tamb\u00e9 ens ho creurem. Acostumem a ser cr\u00e8duls els catalans.<\/p>\n<p>Que l\u2019Estatut arribar\u00e0 un dia o altre, doncs tamb\u00e9 ens ho creurem. La fruita, quan est\u00e0 madura del tot, \u2013quasi podrida- ella sola cau de l\u2019arbre.<\/p>\n<p>Que el finan\u00e7ament ser\u00e0 el millor de tota la hist\u00f2ria i que, quan arribi, podrem viure sense treballar perqu\u00e8 els diners ens sortiran per les orelles\u2026.. tamb\u00e9 ens ho empassarem.<\/p>\n<p>Els catalans ho aguantem tot. Les mentides cont\u00ednues sobre Catalunya, sobre el catal\u00e0 com a llengua imposada de l\u2019 imperi catal\u00e0, al final ens les creurem fins i tot nosaltres. <\/p>\n<p>Tenim una infinita paci\u00e8ncia, ben pr\u00f2pia del de ruc catal\u00e0. Per\u00f2 demanaria que, almenys, no els seguim fent el joc des d\u2019aqu\u00ed. Ja seria hora que els nostres pol\u00edtics, les nostres institucions, els nostres jerarques diguessin alguna cosa i no ens fessin combregar amb rodes de mol\u00ed. <\/p>\n<p>Perqu\u00e8 llavors, a m\u00e9s de rucs, serem imb\u00e8cils. <\/p>\n<div>Etiquetes de Technorati: <a href=\"http:\/\/technorati.com\/tags\/Ruc+catal%c3%a0\" rel=\"tag\">Ruc catal&#224;<\/a>,<a href=\"http:\/\/technorati.com\/tags\/Catalunya\" rel=\"tag\">Catalunya<\/a>,<a href=\"http:\/\/technorati.com\/tags\/Pol%c3%adtica\" rel=\"tag\">Pol&#237;tica<\/a><\/div>\n","protected":false},"excerpt":{"rendered":"<p>&#160; &#160; Que la Renfe no vagi de cap manera, ho suportarem com sigui. Ja hi estem acostumats. Que el flamant aeroport ens el segueixin gestionant des de Madrid sembla que ser\u00e0 inevitable. I que sembla que parlar\u00e0 m\u00e9s castell\u00e0 que catal\u00e0 tamb\u00e9 ho aguantarem ferms i decidits. Nom\u00e9s faltaria! Que els diners que ens [&hellip;]<\/p>\n","protected":false},"author":214,"featured_media":0,"comment_status":"open","ping_status":"open","sticky":false,"template":"","format":"standard","meta":{"_jetpack_memberships_contains_paid_content":false,"footnotes":"","jetpack_publicize_message":"","jetpack_publicize_feature_enabled":true,"jetpack_social_post_already_shared":false,"jetpack_social_options":{"image_generator_settings":{"template":"highway","default_image_id":0,"font":"","enabled":false},"version":2}},"categories":[877,172],"tags":[],"class_list":["post-246","post","type-post","status-publish","format-standard","hentry","category-catalunya","category-politica"],"jetpack_publicize_connections":[],"jetpack_featured_media_url":"","jetpack_shortlink":"https:\/\/wp.me\/pagkjs-3Y","jetpack-related-posts":[],"jetpack_sharing_enabled":true,"_links":{"self":[{"href":"https:\/\/blogs.avui.cat\/jaumepubill\/wp-json\/wp\/v2\/posts\/246","targetHints":{"allow":["GET"]}}],"collection":[{"href":"https:\/\/blogs.avui.cat\/jaumepubill\/wp-json\/wp\/v2\/posts"}],"about":[{"href":"https:\/\/blogs.avui.cat\/jaumepubill\/wp-json\/wp\/v2\/types\/post"}],"author":[{"embeddable":true,"href":"https:\/\/blogs.avui.cat\/jaumepubill\/wp-json\/wp\/v2\/users\/214"}],"replies":[{"embeddable":true,"href":"https:\/\/blogs.avui.cat\/jaumepubill\/wp-json\/wp\/v2\/comments?post=246"}],"version-history":[{"count":0,"href":"https:\/\/blogs.avui.cat\/jaumepubill\/wp-json\/wp\/v2\/posts\/246\/revisions"}],"wp:attachment":[{"href":"https:\/\/blogs.avui.cat\/jaumepubill\/wp-json\/wp\/v2\/media?parent=246"}],"wp:term":[{"taxonomy":"category","embeddable":true,"href":"https:\/\/blogs.avui.cat\/jaumepubill\/wp-json\/wp\/v2\/categories?post=246"},{"taxonomy":"post_tag","embeddable":true,"href":"https:\/\/blogs.avui.cat\/jaumepubill\/wp-json\/wp\/v2\/tags?post=246"}],"curies":[{"name":"wp","href":"https:\/\/api.w.org\/{rel}","templated":true}]}}