{"id":2456,"date":"2011-03-01T20:30:29","date_gmt":"2011-03-01T19:30:29","guid":{"rendered":"http:\/\/blogs.avui.cat\/jaumepubill\/?p=2456"},"modified":"2011-03-01T20:30:29","modified_gmt":"2011-03-01T19:30:29","slug":"premiar-la-corrupci","status":"publish","type":"post","link":"https:\/\/blogs.avui.cat\/jaumepubill\/2011\/03\/01\/premiar-la-corrupci\/","title":{"rendered":"Premiar la corrupci&oacute;?"},"content":{"rendered":"<p align=\"justify\"><b><img data-recalc-dims=\"1\" loading=\"lazy\" decoding=\"async\" style=\"margin: 0px 11px 0px 0px;float: left\" align=\"left\" src=\"https:\/\/i0.wp.com\/www.elpais.com\/recorte\/20110227elpdmgrep_3\/XXLCO\/Ies\/Gadafi_regalo_caballo_raza_arabe_Jose_Maria_Aznar.jpg?resize=270%2C182\" width=\"270\" height=\"182\" \/><\/b>A vegades sembla que els partits pol\u00edtics visquin fora de la realitat. Sembla que tant els fa el que digui o pensi la gent. Acabo de rebre una invitaci\u00f3 de part de <strong>AVAAZ.ORG<\/strong> per firmar. Pretenen reunir 40.000 firmes per demanar que no hi hagi pol\u00edtics corruptes a les llistes de les municipals i les auton\u00f2miques del mes de Maig. Aprofitant un buit legal, hi haur\u00e0 a les llistes centenars de pol\u00edtics imputats per delictes associats amb la corrupci\u00f3 i la malversaci\u00f3 de fons p\u00fablics.<\/p>\n<p align=\"justify\">Mentre llegia aquest invitaci\u00f3, recordava coses que llegia aquests dies i que haurien de fer caure la cara de vergonya als seus protagonistes.<\/p>\n<p align=\"justify\">Per exemple llegia que <strong>Aznar<\/strong> va rebre de Gadafi un cavall de ra\u00e7a \u00e0rab anomenat \u201cEl llamp del L\u00edder\u201d. En aquells moments Aznar va dir que \u201cel ejemplar es precioso y lo montar\u00e9 con sumo cuidado y con mucho gusto&quot;.     <\/p>\n<p align=\"justify\">Aznar va cuidar molt b\u00e9 les seves relacions amb la fam\u00edlia Gadafi. L&#8217;ex president espanyol va ser el primer l\u00edder occidental a visitar el guia suprem de la Gran Jamahiriya \u00c0rab a Tr\u00edpoli despr\u00e9s de l&#8217;aixecament de les sancions imposades per l&#8217;ONU a L\u00edbia, motiu pel qual va ser rebut amb tot tipus d&#8217;honors. Aznar repetiria viatge anys m\u00e9s tard, quan ja havia deixat de ser inquil\u00ed de la Moncloa, i obriria les portes d&#8217;Espanya a la fam\u00edlia Gaddafi.<\/p>\n<p align=\"justify\">Aquelles relacions tan estretes van permetre veure alguns dels fills del dictador libi passejant pels carrers de Madrid sense despertar suspic\u00e0cies. Un d&#8217;ells, Khamis, estava matriculat en un MBA de l&#8217;Institut d&#8217;Empresa i el seu gendre Alejandro Agag es va encarregar v\u00e0ries vegades d&#8217;exercir de cicerone a la fam\u00edlia. No per res, el gendre d&#8217;Aznar, ara ficat a financer, t\u00e9 interessos en el pa\u00eds nord-afric\u00e0, cas de un coto de ca\u00e7a de perdius a les proximitats de Tr\u00edpoli. Els clients que han coquetejat amb el tir\u00e0 pretext que la diplom\u00e0cia no est\u00e0 feta per a salvar el m\u00f3n, sin\u00f3 per vetllar per interessos pol\u00edtics i econ\u00f2mics.<\/p>\n<p align=\"justify\"><img data-recalc-dims=\"1\" loading=\"lazy\" decoding=\"async\" style=\"margin: 0px 9px 0px 0px;float: left\" border=\"1\" alt=\"El presidente libio y Jos\u00e9 Luis Rodr\u00edguez Zapatero en junio de 2010 (EFE)\" align=\"left\" src=\"https:\/\/i0.wp.com\/www.elconfidencial.com\/archivos\/ec\/2011022699zapaterogadafi_dentro.jpg?resize=276%2C140\" width=\"276\" longdesc=\"http:\/\/www.elconfidencial.com\/caza-mayor\/2011\/El%20presidente%20libio%20y%20Jos%C3%A9%20Luis%20Rodr%C3%ADguez%20Zapatero%20en%20junio%20de%202010%20(EFE)\" height=\"140\" \/>Potser guiat per aquesta premissa, <strong>Zapatero<\/strong> tampoc ha aconseguit sostreure\u2019s als encants de Gaddafi.&#160; Al desembre de 2007, Zapatero va rebre amb els bra\u00e7os oberts a Muammar Gaddafi. A ell i els seus avions, els seus cotxes de luxe, els seus camells, els seus corders degollats, la seva gu\u00e0rdia de corps, les seves trenta verges armades i la seva haima, que va instal.lar al Palau del Pardo. El president espanyol el va complimentar tamb\u00e9 amb un sopar al qual van acudir representants de Repsol, Cepsa, T\u00e9cnicas Reunidas, Cambres, etc\u00e8tera.<\/p>\n<p align=\"justify\">La cosa devia funcionar prou b\u00e9 perqu\u00e8, tal com va informar El Confidencial, Espanya vendria armes a Tr\u00edpoli per valor de 3,83 milions d&#8217;euros un any despr\u00e9s, el 2008, articles recollits en l&#8217;ep\u00edgraf quatre de la documentaci\u00f3 oficial de la Secretaria d&#8217;Estat de Comer\u00e7, \u00e9s a dir, les &quot;bombes, torpedes, pots de fum, coets, mines, m\u00edssils, cartutxos i simuladors&quot; que el l\u00edder libi est\u00e0 emprant ara mateix contra els seus ciutadans. Lluny de disminuir el comer\u00e7, el 2009, L\u00edbia es convertiria en la segona destinaci\u00f3 de les exportacions de doble \u00fas amb 12,7 milions d&#8217;euros. Espanya li va vendre radars per a navegaci\u00f3 i tr\u00e0fic aeri, aix\u00ed com subst\u00e0ncies qu\u00edmiques per a laboratoris.   <br \/>Nacional.<\/p>\n<p align=\"justify\">Potser s\u00ed que ens caldr\u00e0 pensar una mica a qui votem i qu\u00e8 en fan els partits pol\u00edtics del nostre vot. Caldr\u00e0 tenir mem\u00f2ria de totes aquestes coses i exigir-los una mica m\u00e9s de neteja a fons. <\/p>\n<p align=\"justify\">Si voleu firmar tamb\u00e9 vosaltres, cliqueu aqu\u00ed damunt <a href=\"http:\/\/www.avaaz.org\/es\/spain_clean_up_politics\/97.php?cl_tta_sign=035345f54d9e8c0fd95513ad0bb19bf7\" target=\"_blank\">AVAAZ.ORG<\/a><\/p>\n","protected":false},"excerpt":{"rendered":"<p>A vegades sembla que els partits pol\u00edtics visquin fora de la realitat. Sembla que tant els fa el que digui o pensi la gent. Acabo de rebre una invitaci\u00f3 de part de AVAAZ.ORG per firmar. Pretenen reunir 40.000 firmes per demanar que no hi hagi pol\u00edtics corruptes a les llistes de les municipals i les [&hellip;]<\/p>\n","protected":false},"author":214,"featured_media":0,"comment_status":"open","ping_status":"closed","sticky":false,"template":"","format":"standard","meta":{"_jetpack_memberships_contains_paid_content":false,"footnotes":"","jetpack_publicize_message":"","jetpack_publicize_feature_enabled":true,"jetpack_social_post_already_shared":false,"jetpack_social_options":{"image_generator_settings":{"template":"highway","default_image_id":0,"font":"","enabled":false},"version":2}},"categories":[172],"tags":[31828],"class_list":["post-2456","post","type-post","status-publish","format-standard","hentry","category-politica","tag-politica"],"jetpack_publicize_connections":[],"jetpack_featured_media_url":"","jetpack_shortlink":"https:\/\/wp.me\/pagkjs-DC","jetpack-related-posts":[],"jetpack_sharing_enabled":true,"_links":{"self":[{"href":"https:\/\/blogs.avui.cat\/jaumepubill\/wp-json\/wp\/v2\/posts\/2456","targetHints":{"allow":["GET"]}}],"collection":[{"href":"https:\/\/blogs.avui.cat\/jaumepubill\/wp-json\/wp\/v2\/posts"}],"about":[{"href":"https:\/\/blogs.avui.cat\/jaumepubill\/wp-json\/wp\/v2\/types\/post"}],"author":[{"embeddable":true,"href":"https:\/\/blogs.avui.cat\/jaumepubill\/wp-json\/wp\/v2\/users\/214"}],"replies":[{"embeddable":true,"href":"https:\/\/blogs.avui.cat\/jaumepubill\/wp-json\/wp\/v2\/comments?post=2456"}],"version-history":[{"count":0,"href":"https:\/\/blogs.avui.cat\/jaumepubill\/wp-json\/wp\/v2\/posts\/2456\/revisions"}],"wp:attachment":[{"href":"https:\/\/blogs.avui.cat\/jaumepubill\/wp-json\/wp\/v2\/media?parent=2456"}],"wp:term":[{"taxonomy":"category","embeddable":true,"href":"https:\/\/blogs.avui.cat\/jaumepubill\/wp-json\/wp\/v2\/categories?post=2456"},{"taxonomy":"post_tag","embeddable":true,"href":"https:\/\/blogs.avui.cat\/jaumepubill\/wp-json\/wp\/v2\/tags?post=2456"}],"curies":[{"name":"wp","href":"https:\/\/api.w.org\/{rel}","templated":true}]}}