{"id":2435,"date":"2011-02-26T17:40:43","date_gmt":"2011-02-26T16:40:43","guid":{"rendered":"http:\/\/blogs.avui.cat\/jaumepubill\/?p=2435"},"modified":"2014-01-05T22:05:08","modified_gmt":"2014-01-05T21:05:08","slug":"els-nous-temples","status":"publish","type":"post","link":"https:\/\/blogs.avui.cat\/jaumepubill\/2011\/02\/26\/els-nous-temples\/","title":{"rendered":"Els nous temples"},"content":{"rendered":"<p align=\"justify\"><img data-recalc-dims=\"1\" loading=\"lazy\" decoding=\"async\" style=\"margin: 0px 14px 0px 0px;float: left\" align=\"left\" src=\"https:\/\/i0.wp.com\/m1.paperblog.com\/i\/38\/380587\/centros-comerciales-templos-del-consumo-L-LyEx0-.jpeg?resize=277%2C237\" width=\"277\" height=\"237\" \/>A la mateixa velocitat que les esgl\u00e9sies es buiden, es van omplint els grans magatzems i les botigues, que han de buidar els estocs per tal d\u2019anar engreixant el sistema. Som als darrers dies de les rebaixes. Aneu de pressa que ja no queda res!<\/p>\n<p align=\"justify\">He de confessar \u2013amb certa vergonya- que aquest any no he anat de rebaixes. Potser \u00e9s perqu\u00e8 no necessitava res urgent o \u00e9s que certes coses cada vegada em fan m\u00e9s mandra. Comprar per comprar no m\u2019ha agradat mai massa. Per\u00f2 \u00e9s que ara ja no m\u2019agrada gens i, quan ho faig, em sento malament. I les aglomeracions em causen claustrof\u00f2bia. <\/p>\n<p align=\"justify\">Ja s\u00e9 que els comerciants em miren malament i, si segueixo aix\u00ed, algun dia em denunciaran per atemptar contra el sistema. Per\u00f2 no hi puc fer m\u00e9s. S\u00f3c d\u2019aquells que no canvien de m\u00f2bil, que no compren compulsivament i que passen de modes i tend\u00e8ncies. M\u00e9s aviat s\u00f3c partidari de fer durar les coses perqu\u00e8 s\u00e9 que tot torna. El fam\u00f3s mite de l\u2019etern retorn es fa realitat&#160; cada temporada de cada any. No em miro els anuncis, miro poc la tele, i passo bastant per damunt de la publicitat dels diaris. El m\u00e0rqueting amb mi no funciona massa perqu\u00e8 en lloc d\u2019estimular-me, m\u2019avorreix. <\/p>\n<p align=\"justify\">L\u2019home (homo faber) ja no crea per satisfer les seves necessitats sin\u00f3 que crea per consumir i fer consumir fren\u00e8ticament i sense necessitat. O, m\u00e9s ben dit, crea per crear necessitat rere necessitat. I crea els productes per tal que durin poc i se n\u2019hagin de comprar de nous. Per aix\u00f2 hi ha el cr\u00e8dit, la moda i la publicitat. El consum \u00e9s com anar en bicicleta: si es para , cau. <\/p>\n<p align=\"justify\">Per\u00f2 conv\u00e9 recordar una cosa, que em sembla que deia <strong>Voltaire: \u201cNom\u00e9s \u00e9s immensament ric aquell que sap limitat els seus desitjos\u201d<\/strong>. Recordem-ho de tant en tant, que em sembla que \u00e9s un bon consell. <\/p>\n","protected":false},"excerpt":{"rendered":"<p>A la mateixa velocitat que les esgl\u00e9sies es buiden, es van omplint els grans magatzems i les botigues, que han de buidar els estocs per tal d\u2019anar engreixant el sistema. Som als darrers dies de les rebaixes. Aneu de pressa que ja no queda res! He de confessar \u2013amb certa vergonya- que aquest any no [&hellip;]<\/p>\n","protected":false},"author":214,"featured_media":0,"comment_status":"open","ping_status":"closed","sticky":false,"template":"","format":"standard","meta":{"_jetpack_memberships_contains_paid_content":false,"footnotes":"","jetpack_publicize_message":"","jetpack_publicize_feature_enabled":true,"jetpack_social_post_already_shared":false,"jetpack_social_options":{"image_generator_settings":{"template":"highway","default_image_id":0,"font":"","enabled":false},"version":2}},"categories":[664],"tags":[576,31853,27345],"class_list":["post-2435","post","type-post","status-publish","format-standard","hentry","category-consumisme","tag-consum","tag-consumisme","tag-rebaixes"],"jetpack_publicize_connections":[],"jetpack_featured_media_url":"","jetpack_shortlink":"https:\/\/wp.me\/pagkjs-Dh","jetpack-related-posts":[],"jetpack_sharing_enabled":true,"_links":{"self":[{"href":"https:\/\/blogs.avui.cat\/jaumepubill\/wp-json\/wp\/v2\/posts\/2435","targetHints":{"allow":["GET"]}}],"collection":[{"href":"https:\/\/blogs.avui.cat\/jaumepubill\/wp-json\/wp\/v2\/posts"}],"about":[{"href":"https:\/\/blogs.avui.cat\/jaumepubill\/wp-json\/wp\/v2\/types\/post"}],"author":[{"embeddable":true,"href":"https:\/\/blogs.avui.cat\/jaumepubill\/wp-json\/wp\/v2\/users\/214"}],"replies":[{"embeddable":true,"href":"https:\/\/blogs.avui.cat\/jaumepubill\/wp-json\/wp\/v2\/comments?post=2435"}],"version-history":[{"count":1,"href":"https:\/\/blogs.avui.cat\/jaumepubill\/wp-json\/wp\/v2\/posts\/2435\/revisions"}],"predecessor-version":[{"id":4607,"href":"https:\/\/blogs.avui.cat\/jaumepubill\/wp-json\/wp\/v2\/posts\/2435\/revisions\/4607"}],"wp:attachment":[{"href":"https:\/\/blogs.avui.cat\/jaumepubill\/wp-json\/wp\/v2\/media?parent=2435"}],"wp:term":[{"taxonomy":"category","embeddable":true,"href":"https:\/\/blogs.avui.cat\/jaumepubill\/wp-json\/wp\/v2\/categories?post=2435"},{"taxonomy":"post_tag","embeddable":true,"href":"https:\/\/blogs.avui.cat\/jaumepubill\/wp-json\/wp\/v2\/tags?post=2435"}],"curies":[{"name":"wp","href":"https:\/\/api.w.org\/{rel}","templated":true}]}}