{"id":2428,"date":"2011-02-22T20:39:56","date_gmt":"2011-02-22T19:39:56","guid":{"rendered":"http:\/\/blogs.avui.cat\/jaumepubill\/?p=2428"},"modified":"2011-02-22T20:39:56","modified_gmt":"2011-02-22T19:39:56","slug":"veritats-i-mentides","status":"publish","type":"post","link":"https:\/\/blogs.avui.cat\/jaumepubill\/2011\/02\/22\/veritats-i-mentides\/","title":{"rendered":"Veritats i mentides"},"content":{"rendered":"<p align=\"justify\"><img data-recalc-dims=\"1\" loading=\"lazy\" decoding=\"async\" style=\"margin: 0px 4px 0px 0px;float: left\" align=\"left\" src=\"https:\/\/i0.wp.com\/www.migueljara.com\/wp-content\/uploads\/2010\/05\/prensa-gripe-a.jpg?resize=326%2C216\" width=\"326\" height=\"216\" \/>Ens anem atansant al final de l\u2019hivern. El dia s\u2019allarga i els freds se n\u2019aniran de mica en mica. Els refredats i les grips aniran&#160; quedant enrere i podrem dir que haurem passar un hivern m\u00e9s. <\/p>\n<p align=\"justify\">Recordeu el que va passar l\u2019hivern passat amb la grip A? Se n\u2019ha parlat una mica per\u00f2 considero que no pas prou. Quan un tema interessa amagar-lo, s\u2019amaga. Es va mirar de no parlar-ne massa perqu\u00e8 hi va haver massa gent \u2013i massa important- que va posar-se de peus a la galleda. <\/p>\n<p align=\"justify\">Per\u00f2, de mica en mica, s\u2019han anat saben algunes coses i potser convindria recordar-les: <\/p>\n<p align=\"justify\">-Convindria recordar tot el que es va dir contra la monja <strong>Teresa Forcades <\/strong>quan va tenir el valor de fer p\u00fablica la seva den\u00fancia de que no n\u2019hi havia per tant i que darrera de la gran campanya que es va fer i de la por que es va mirar de posar a la gent hi havia els interessos de les gran farmac\u00e8utiques. Ella insistia en que no hi havia pand\u00e8mia i, al final de tota la hist\u00f2ria, la realitat li va donar la ra\u00f3. La grip A va matar 271 persones i la grip estacional cada hivern en mata&#160; m\u00e9s de 3.000 a l\u2019 estat espanyol. <\/p>\n<p align=\"justify\">&#8211;<strong>El ministeri de Sanitat espanyol<\/strong> va arribar a encarregar 37 milions de dosis encara que, al final, va rebaixar la petici\u00f3 a 9 milions, dels quals nom\u00e9s va usar 3. Un dia despr\u00e9s de declarar oficialment finalitzada la pand\u00e8mia de grip A, l&#8217;OMS va confirmar que cinc investigadors, tenien vincles amb els laboratoris de vacunes i cobraven de la ind\u00fastria (Novartis, GSK Biologicals, Baxter, Sanofi, Roche i GSK). Quants diners s\u2019han perdut amb aquestes vacunes?     <\/p>\n<p align=\"justify\">&#8211;<strong>El Parlament Europeu<\/strong> va aprovar el passat 24 de juny una declaraci\u00f3 que afirmava que s&#8217;hagu\u00e9s necessitat &quot;m\u00e9s transpar\u00e8ncia&quot; en la gesti\u00f3 de la grip. El text va ser proposat pel epidemi\u00f2leg alemany, Wolfgang Wodarg, expresident del Comit\u00e8 de Salut de l&#8217;Assemblea Parlament\u00e0ria del Consell d&#8217;Europa, que va acusar p\u00fablicament a l&#8217;OMS i als governs de generar una psicosi innecess\u00e0ria a causa dels vincles amb la ind\u00fastria farmac\u00e8utica. <\/p>\n<p align=\"justify\">-Segons explicava la la revista <strong>Discovery Salud<\/strong> n\u00ba 120 la pr\u00f2pia <strong>Organitzaci\u00f3 Mundial de la Salut (OMS) <\/strong>ha reconegut p\u00fablicament que la majoria dels malalts infectats per el virus de la grip A es recuperaven del tot al cap d&#8217;UNA SETMANA SENSE REBRE TRACTAMENT M\u00c8DIC i que les persones sanes que contreien la grip no necessitaven ser tractades amb antivirals &#8230; despr\u00e9s. Per tant, perqu\u00e8 es va fer la campanya que es va fer amb tanta irresponsabilitat.<\/p>\n<p align=\"justify\">La gent no necessitem una mica m\u00e9s de serietat i m\u00e9s explicacions davant cassos com aquests? <\/p>\n","protected":false},"excerpt":{"rendered":"<p>Ens anem atansant al final de l\u2019hivern. El dia s\u2019allarga i els freds se n\u2019aniran de mica en mica. Els refredats i les grips aniran&#160; quedant enrere i podrem dir que haurem passar un hivern m\u00e9s. Recordeu el que va passar l\u2019hivern passat amb la grip A? Se n\u2019ha parlat una mica per\u00f2 considero que [&hellip;]<\/p>\n","protected":false},"author":214,"featured_media":0,"comment_status":"open","ping_status":"closed","sticky":false,"template":"","format":"standard","meta":{"_jetpack_memberships_contains_paid_content":false,"footnotes":"","jetpack_publicize_message":"","jetpack_publicize_feature_enabled":true,"jetpack_social_post_already_shared":false,"jetpack_social_options":{"image_generator_settings":{"template":"highway","default_image_id":0,"font":"","enabled":false},"version":2}},"categories":[82,26058,81],"tags":[4444,31823,4028],"class_list":["post-2428","post","type-post","status-publish","format-standard","hentry","category-informacio","category-malaltia","category-mitjans-de-comunicacio","tag-grip-a","tag-informacio","tag-malalties"],"jetpack_publicize_connections":[],"jetpack_featured_media_url":"","jetpack_shortlink":"https:\/\/wp.me\/pagkjs-Da","jetpack-related-posts":[],"jetpack_sharing_enabled":true,"_links":{"self":[{"href":"https:\/\/blogs.avui.cat\/jaumepubill\/wp-json\/wp\/v2\/posts\/2428","targetHints":{"allow":["GET"]}}],"collection":[{"href":"https:\/\/blogs.avui.cat\/jaumepubill\/wp-json\/wp\/v2\/posts"}],"about":[{"href":"https:\/\/blogs.avui.cat\/jaumepubill\/wp-json\/wp\/v2\/types\/post"}],"author":[{"embeddable":true,"href":"https:\/\/blogs.avui.cat\/jaumepubill\/wp-json\/wp\/v2\/users\/214"}],"replies":[{"embeddable":true,"href":"https:\/\/blogs.avui.cat\/jaumepubill\/wp-json\/wp\/v2\/comments?post=2428"}],"version-history":[{"count":0,"href":"https:\/\/blogs.avui.cat\/jaumepubill\/wp-json\/wp\/v2\/posts\/2428\/revisions"}],"wp:attachment":[{"href":"https:\/\/blogs.avui.cat\/jaumepubill\/wp-json\/wp\/v2\/media?parent=2428"}],"wp:term":[{"taxonomy":"category","embeddable":true,"href":"https:\/\/blogs.avui.cat\/jaumepubill\/wp-json\/wp\/v2\/categories?post=2428"},{"taxonomy":"post_tag","embeddable":true,"href":"https:\/\/blogs.avui.cat\/jaumepubill\/wp-json\/wp\/v2\/tags?post=2428"}],"curies":[{"name":"wp","href":"https:\/\/api.w.org\/{rel}","templated":true}]}}