{"id":2398,"date":"2011-02-14T00:05:00","date_gmt":"2011-02-13T23:05:00","guid":{"rendered":"http:\/\/blogs.avui.cat\/jaumepubill\/?p=2398"},"modified":"2011-02-14T11:19:33","modified_gmt":"2011-02-14T10:19:33","slug":"laigua-ja-bull","status":"publish","type":"post","link":"https:\/\/blogs.avui.cat\/jaumepubill\/2011\/02\/14\/laigua-ja-bull\/","title":{"rendered":"L&rsquo;aigua ja bull"},"content":{"rendered":"<p style=\"text-align: justify\"><a href=\"https:\/\/i0.wp.com\/www.cubadebate.cu\/wp-content\/uploads\/2011\/01\/egipto-6-580x380.jpg\"><img data-recalc-dims=\"1\" loading=\"lazy\" decoding=\"async\" style=\"margin: 0px 12px 0px 0px;float: left\" src=\"https:\/\/i0.wp.com\/blogs.avui.cat\/jaumepubill\/wp-content\/imagescaler\/af75f6d7e4419bc31fdc66f8159c8ab3.jpg?resize=337%2C221\" alt=\"\" width=\"337\" height=\"221\" align=\"left\" \/><\/a><span style=\"font-size: x-small\">Deia <strong>Nelson Mandela<\/strong> que \u201cquan l\u2019aigua ja ha comen\u00e7at a bullir, ja no serveix de res apagar el foc\u201d perqu\u00e8 el mal ja est\u00e0 fet. Els que ja som una mica grans en sabem una mica de dictadures. I els que s\u00f3n grans del tot, encara en saben m\u00e9s. Ells la van viure en pr\u00f2pia carn de forma brutal i descarnada i nosaltres la vam anar sofrint una mica m\u00e9s pausada i m\u00e9s dissimulada. \u00c9s all\u00f2 de la \u201cdictadura\u201d i la \u201cdictablanda\u201d, joc de paraules que sona millor en castell\u00e0.<\/span><\/p>\n<p style=\"text-align: justify\"><span style=\"font-size: x-small\">Alguns pa\u00efsos \u00e0rabs sembla que s\u2019estan contagiant \u00e0nsies de llibertat aixafades i aturades des de fa molts anys. Aquestes coses sembla que va per zones i per temps. La pol\u00edtica t\u00e9 uns \u201ctempos\u201d que jo \u2013ni potser ning\u00fa- sap ben b\u00e9 con funcionen. Llatinoam\u00e8rica, per exemple, sap de qu\u00e8 va aix\u00f2: En pocs anys una colla de pa\u00efsos van caure en mans de dictadors sanguinaris que van destruir moltes vides i moltes il\u00b7lusions i, de cop i volta, aquests mateixos dictadors van anar caient un despr\u00e8s de l\u2019altre com una filera de fitxes de domin\u00f3. Hi tenia alguna cosa a veure EEUU amb tot all\u00f2? \u00c9s clar que s\u00ed. Recordeu all\u00f2 que deia Henry Kissinger: \u201cPinochet \u00e9s un fill de puta, per\u00f2 \u00e9s el\u00a0 \u2018nostre\u2019 fill de puta\u201d.<\/span><\/p>\n<p style=\"text-align: justify\"><span style=\"font-size: x-small\">Hi t\u00e9 alguna cosa a veure ara amb el qu\u00e8 passa als pa\u00efsos \u00e0rabs del nord d&#8217;\u00c0frica? Segurament que no tant com abans per\u00f2, sens dubte, tamb\u00e9 hi t\u00e9 molt a veure perqu\u00e8 gran part dels pa\u00efsos \u00e0rabs viuen aixafats per les botes de dictadors des de fa molts anys i EEUU no diu res. Al contrari, ja li va b\u00e9 i \u00e9s molt amic d\u2019alguns d\u2019ells. I quan no li va b\u00e9 interv\u00e9 amb molt poca tra\u00e7a, per\u00f2 interv\u00e9. En aquest sentit Obama a mi m\u2019ha decebut molt. N\u2019esperava d\u2019ell una altra classe de pol\u00edtica, una altra classe de relacions amb aquests tipus de r\u00e8gims i condemnes m\u00e9s clares. Es veu que s\u00f3c un idealista i no toco gens de peus a terra!.<\/span><\/p>\n<p style=\"text-align: justify\"><span style=\"font-size: x-small\">Com deia Mandela, \u201cl\u2019aigua ja ha comen\u00e7at a bullir\u201d i ara costar\u00e0 molt apagar el foc. De fet, ara ja no hi s\u00f3n a temps del tot. Ara nom\u00e9s cal esperar a veure si, com aquells incendis d\u2019estiu, el foc segueix propagant-se sense aturador. Ara molts pobres desesperats han vist que les possibilitats hi s\u00f3n. Ara hi han mitjans de comunicaci\u00f3 que \u00e9s quasi impossible amagar i aturar. Aquesta revoluci\u00f3 que acabem de veure ja l\u2019han batejada com a \u201crevoluci\u00f3 Facebook\u201d justament perqu\u00e8 aquesta p\u00e0gina web hi va tenir molt a veure. Ha comen\u00e7at Tunis, ha seguit Egipte i ara sembla que Arg\u00e8lia i el Iemen. Fins on arribaran? Fins on ells puguin o vulguin. Perqu\u00e8 les guerres les fan els rics, per\u00f2 les revolucions les fan els pobres. I, mentrestant, Europa muda. Quina vergonya!<\/span><\/p>\n<h5 style=\"text-align: justify\"><\/h5>\n<p style=\"text-align: justify\"><span style=\"font-size: x-small\"> <\/span><\/p>\n","protected":false},"excerpt":{"rendered":"<p>Deia Nelson Mandela que \u201cquan l\u2019aigua ja ha comen\u00e7at a bullir, ja no serveix de res apagar el foc\u201d perqu\u00e8 el mal ja est\u00e0 fet. Els que ja som una mica grans en sabem una mica de dictadures. I els que s\u00f3n grans del tot, encara en saben m\u00e9s. Ells la van viure en pr\u00f2pia [&hellip;]<\/p>\n","protected":false},"author":214,"featured_media":0,"comment_status":"open","ping_status":"closed","sticky":false,"template":"","format":"standard","meta":{"_jetpack_memberships_contains_paid_content":false,"footnotes":"","jetpack_publicize_message":"","jetpack_publicize_feature_enabled":true,"jetpack_social_post_already_shared":false,"jetpack_social_options":{"image_generator_settings":{"template":"highway","default_image_id":0,"font":"","enabled":false},"version":2}},"categories":[3200,4391,429,5455,172],"tags":[31917,24809,31838,2799,31828],"class_list":["post-2398","post","type-post","status-publish","format-standard","hentry","category-africa","category-america-llatina","category-democracia","category-dictadura-politica","category-politica","tag-africa","tag-america-llatina-2","tag-democracia","tag-dictadura","tag-politica"],"jetpack_publicize_connections":[],"jetpack_featured_media_url":"","jetpack_shortlink":"https:\/\/wp.me\/pagkjs-CG","jetpack-related-posts":[],"jetpack_sharing_enabled":true,"_links":{"self":[{"href":"https:\/\/blogs.avui.cat\/jaumepubill\/wp-json\/wp\/v2\/posts\/2398","targetHints":{"allow":["GET"]}}],"collection":[{"href":"https:\/\/blogs.avui.cat\/jaumepubill\/wp-json\/wp\/v2\/posts"}],"about":[{"href":"https:\/\/blogs.avui.cat\/jaumepubill\/wp-json\/wp\/v2\/types\/post"}],"author":[{"embeddable":true,"href":"https:\/\/blogs.avui.cat\/jaumepubill\/wp-json\/wp\/v2\/users\/214"}],"replies":[{"embeddable":true,"href":"https:\/\/blogs.avui.cat\/jaumepubill\/wp-json\/wp\/v2\/comments?post=2398"}],"version-history":[{"count":2,"href":"https:\/\/blogs.avui.cat\/jaumepubill\/wp-json\/wp\/v2\/posts\/2398\/revisions"}],"predecessor-version":[{"id":2399,"href":"https:\/\/blogs.avui.cat\/jaumepubill\/wp-json\/wp\/v2\/posts\/2398\/revisions\/2399"}],"wp:attachment":[{"href":"https:\/\/blogs.avui.cat\/jaumepubill\/wp-json\/wp\/v2\/media?parent=2398"}],"wp:term":[{"taxonomy":"category","embeddable":true,"href":"https:\/\/blogs.avui.cat\/jaumepubill\/wp-json\/wp\/v2\/categories?post=2398"},{"taxonomy":"post_tag","embeddable":true,"href":"https:\/\/blogs.avui.cat\/jaumepubill\/wp-json\/wp\/v2\/tags?post=2398"}],"curies":[{"name":"wp","href":"https:\/\/api.w.org\/{rel}","templated":true}]}}