{"id":2306,"date":"2011-02-03T00:18:00","date_gmt":"2011-02-02T23:18:00","guid":{"rendered":"http:\/\/blogs.avui.cat\/jaumepubill\/?p=2306"},"modified":"2011-02-02T22:19:20","modified_gmt":"2011-02-02T21:19:20","slug":"el-litigi-de-lart-sacre-a-la-franja-de-ponent-4","status":"publish","type":"post","link":"https:\/\/blogs.avui.cat\/jaumepubill\/2011\/02\/03\/el-litigi-de-lart-sacre-a-la-franja-de-ponent-4\/","title":{"rendered":"El litigi de l&#8217;art sacre a la Franja de Ponent (4)"},"content":{"rendered":"<h5 align=\"justify\"><font face=\"Verdana\"><\/font><font>Aquest text \u00e9s extret del blog de l\u2019 Aleix Barber\u00e0 Gin\u00e9<\/font><\/h5>\n<p align=\"justify\"><a href=\"http:\/\/eixrestaura.blogspot.com\/2011\/01\/el-litigi-de-lart-sacre-la-franja-de_12.html\"><strong>http:\/\/eixrestaura.blogspot.com\/2011\/01\/el-litigi-de-lart-sacre-la-franja-de_12.html<\/strong><\/a><\/p>\n<p align=\"justify\">Quan l&#8217;Opus Dei va aconseguir una influ\u00e8ncia determinant a Roma, a partir de l&#8217;entronitzaci\u00f3 del papa Joan Pau II, va ser el moment de llan\u00e7ar l&#8217;ofensiva definitiva, de la m\u00e0 directa de cardenals i monsenyors vinculats a aquesta organitzaci\u00f3 i a l&#8217;Espanya nacional cat\u00f2lica.<\/p>\n<p align=\"justify\">El front pol\u00edtic tamb\u00e9 va ser determinant. L&#8217;annexi\u00f3 es va produir quan el terolenc Juan Alberto Belloch, m\u00e9s tard alcalde de Saragossa, va obtenir el 1993 la cartera de Just\u00edcia (la responsable de les relacions amb l&#8217;esgl\u00e9sia) i es va convertir en vicepresident del govern espanyol.<\/p>\n<p align=\"justify\">Belloch va acusar el bisbe de Lleida de voler catalanitzar les parr\u00f2quies aragoneses a l&#8217;ensems que el bisbe de Barbastre assegurava que pretenia incorporar-les pol\u00edticament a Catalunya.<\/p>\n<p align=\"justify\"><a href=\"https:\/\/i0.wp.com\/3.bp.blogspot.com\/_On4Qo9oa1o0\/TSzbwKZZchI\/AAAAAAAAADw\/GFrmoBu3a3M\/s1600\/dio%25CC%2580cesis%2Barago%25CC%2581.gif\"><img data-recalc-dims=\"1\" loading=\"lazy\" decoding=\"async\" border=\"0\" src=\"https:\/\/i0.wp.com\/3.bp.blogspot.com\/_On4Qo9oa1o0\/TSzbwKZZchI\/AAAAAAAAADw\/GFrmoBu3a3M\/s320\/dio%25CC%2580cesis%2Barago%25CC%2581.gif?resize=274%2C332\" width=\"274\" height=\"332\" \/><\/a><\/p>\n<p align=\"justify\"><em>Mapa d&#8217;Arag\u00f3 i les seves di\u00f2cesis anterior a 1995,      <br \/>on es veu la part del bisbat de Lleida annexionat.<\/em><\/p>\n<p align=\"justify\"><a href=\"https:\/\/i0.wp.com\/3.bp.blogspot.com\/_On4Qo9oa1o0\/TSzb_q_Hw8I\/AAAAAAAAAD0\/aDCvyx64xwc\/s1600\/Imagen%2B1.png\"><img data-recalc-dims=\"1\" loading=\"lazy\" decoding=\"async\" border=\"0\" src=\"https:\/\/i0.wp.com\/3.bp.blogspot.com\/_On4Qo9oa1o0\/TSzb_q_Hw8I\/AAAAAAAAAD0\/aDCvyx64xwc\/s320\/Imagen%2B1.png?resize=365%2C324\" width=\"365\" height=\"324\" \/><\/a><\/p>\n<p align=\"justify\"><em>Mapa de Catalunya amb les seves di\u00f2cesis actuals.      <br \/>El de Lleida no era l&#8217;\u00fanic bisbat amb parr\u00f2quies fora dels l\u00edmits administratius catalans.<\/em><\/p>\n<p align=\"justify\"><u><\/u><\/p>\n<p align=\"justify\">L&#8217;ascensi\u00f3 de Belloch va coincidir amb la de l&#8217;arquebisbe de Saragossa, El\u00edas Yanes, a la presid\u00e8ncia de la Confer\u00e8ncia Episcopal Espanyola (CEE). Va ser des del moment del seu nomenament a la capital de la prov\u00edncia eclesi\u00e0stica, el 1977, una pe\u00e7a clau en la pugna per la desmembraci\u00f3 de Lleida.<\/p>\n<p align=\"justify\">A partir d&#8217;aquesta situaci\u00f3, tres nuncis van determinar no nom\u00e9s la partici\u00f3 del bisbat i la concessi\u00f3 de les obres d&#8217;art a Barbastre, sin\u00f3 una ofensiva contra tota l&#8217;Esgl\u00e9sia catalana que va culminar en l&#8217;esberlament de l&#8217;arquebisbat de Barcelona i el nomenament de bisbes &quot;adequats&quot; a gaireb\u00e9 totes les di\u00f2cesis, fins i tot de l&#8217;Opus Dei.<\/p>\n<p align=\"justify\">Els diferents nuncis vaticans des dels anys cinquanta, a excepci\u00f3 de Luigi Dadaglio, tenien la consigna d&#8217;actuar a favor de l&#8217;annexi\u00f3 del territori de Lleida a Barbastre. Ho prova la correspond\u00e8ncia d&#8217;Ildebrando Antoniutti i les actuacions de Mario Tagliaferri, Lajos Kada i Manuel Monteiro de Castro. Tots van fer consignes contra el &quot;nacionalisme exacerbat&quot; i van actuar en contra de qualsevol expressi\u00f3 de l&#8217;Esgl\u00e9sia catalana.<\/p>\n<p align=\"justify\">En primera inst\u00e0ncia Tagliaferri fou qui dictamin\u00e0 la mutilaci\u00f3 de la di\u00f2cesi catalana el 1995. Fou m\u00e9s tard Kada, que es va enriquir de manera corrupta amb la venda de gravats de l&#8217;Esgl\u00e9sia, qui va emetre un decret ple d&#8217;irregularitats jur\u00eddiques en que disposava que &quot;<i>el patrimonio art\u00edstico procedente de las parroquias desmembradas, y que se encuentra actualmente en Lleida, est\u00e1 a t\u00edtulo de dep\u00f3sito y no de propiedad, mientras la di\u00f3cesis de Lleida no pruebe lo contrario en cada caso; por lo que, de ser reclamado por sus leg\u00edtimos propietarios, debe devolverse<\/i>&quot;.<\/p>\n<p align=\"justify\">Fou un nunci que manipul\u00e0 les comissions que havien d&#8217;estudiar el cas i els recursos interposats pel bisbat de Lleida, per\u00f2 nom\u00e9s foren encap\u00e7alades per prelats partidistes. El seu successor, Monterio de Castro, va continuar la pol\u00edtica decantant les comissions amb anticatalans i personatges vinculats a l&#8217;Opus, favorables a Barbastre.<\/p>\n<p align=\"justify\">Una q\u00fcesti\u00f3 cabdal en el litigi \u00e9s que el Vatic\u00e0 no ha volgut analitzar mai la propietat de les peces. Contra Lleida hi ha \u00fanicament el decret personal de Lajos Kada i la ratificaci\u00f3 per Giovanni Battista Re, un ultraconservador itali\u00e0 molt vinculat a la c\u00fapula de l&#8217;Esgl\u00e9sia espanyola i a l&#8217;ambaixador d&#8217;Aznar a la Santa Seu, Carlos Abella. Les actuacions jur\u00eddiques d&#8217;aquest dicasteri<\/p>\n<p align=\"justify\">han estat condu\u00efdes per Eduardo Baura, un madrileny que \u00e9s deg\u00e0 de Dret Can\u00f2nic de la Santa Croce, la Universitat de l&#8217;Opus Dei a Roma.<\/p>\n","protected":false},"excerpt":{"rendered":"<p>Aquest text \u00e9s extret del blog de l\u2019 Aleix Barber\u00e0 Gin\u00e9 http:\/\/eixrestaura.blogspot.com\/2011\/01\/el-litigi-de-lart-sacre-la-franja-de_12.html Quan l&#8217;Opus Dei va aconseguir una influ\u00e8ncia determinant a Roma, a partir de l&#8217;entronitzaci\u00f3 del papa Joan Pau II, va ser el moment de llan\u00e7ar l&#8217;ofensiva definitiva, de la m\u00e0 directa de cardenals i monsenyors vinculats a aquesta organitzaci\u00f3 i a l&#8217;Espanya nacional [&hellip;]<\/p>\n","protected":false},"author":214,"featured_media":0,"comment_status":"open","ping_status":"closed","sticky":false,"template":"","format":"standard","meta":{"_jetpack_memberships_contains_paid_content":false,"footnotes":"","jetpack_publicize_message":"","jetpack_publicize_feature_enabled":true,"jetpack_social_post_already_shared":false,"jetpack_social_options":{"image_generator_settings":{"template":"highway","default_image_id":0,"font":"","enabled":false},"version":2}},"categories":[29656],"tags":[3645],"class_list":["post-2306","post","type-post","status-publish","format-standard","hentry","category-museu-de-lleida-arts","tag-museu-de-lleida"],"jetpack_publicize_connections":[],"jetpack_featured_media_url":"","jetpack_shortlink":"https:\/\/wp.me\/pagkjs-Bc","jetpack-related-posts":[],"jetpack_sharing_enabled":true,"_links":{"self":[{"href":"https:\/\/blogs.avui.cat\/jaumepubill\/wp-json\/wp\/v2\/posts\/2306","targetHints":{"allow":["GET"]}}],"collection":[{"href":"https:\/\/blogs.avui.cat\/jaumepubill\/wp-json\/wp\/v2\/posts"}],"about":[{"href":"https:\/\/blogs.avui.cat\/jaumepubill\/wp-json\/wp\/v2\/types\/post"}],"author":[{"embeddable":true,"href":"https:\/\/blogs.avui.cat\/jaumepubill\/wp-json\/wp\/v2\/users\/214"}],"replies":[{"embeddable":true,"href":"https:\/\/blogs.avui.cat\/jaumepubill\/wp-json\/wp\/v2\/comments?post=2306"}],"version-history":[{"count":2,"href":"https:\/\/blogs.avui.cat\/jaumepubill\/wp-json\/wp\/v2\/posts\/2306\/revisions"}],"predecessor-version":[{"id":2318,"href":"https:\/\/blogs.avui.cat\/jaumepubill\/wp-json\/wp\/v2\/posts\/2306\/revisions\/2318"}],"wp:attachment":[{"href":"https:\/\/blogs.avui.cat\/jaumepubill\/wp-json\/wp\/v2\/media?parent=2306"}],"wp:term":[{"taxonomy":"category","embeddable":true,"href":"https:\/\/blogs.avui.cat\/jaumepubill\/wp-json\/wp\/v2\/categories?post=2306"},{"taxonomy":"post_tag","embeddable":true,"href":"https:\/\/blogs.avui.cat\/jaumepubill\/wp-json\/wp\/v2\/tags?post=2306"}],"curies":[{"name":"wp","href":"https:\/\/api.w.org\/{rel}","templated":true}]}}