{"id":2301,"date":"2011-01-31T22:30:00","date_gmt":"2011-01-31T21:30:00","guid":{"rendered":"http:\/\/blogs.avui.cat\/jaumepubill\/?p=2301"},"modified":"2011-01-31T22:27:50","modified_gmt":"2011-01-31T21:27:50","slug":"el-litigi-de-lart-sacre-a-la-franja-de-ponent-1","status":"publish","type":"post","link":"https:\/\/blogs.avui.cat\/jaumepubill\/2011\/01\/31\/el-litigi-de-lart-sacre-a-la-franja-de-ponent-1\/","title":{"rendered":"El litigi de l&rsquo;art sacre a la Franja de Ponent (1)"},"content":{"rendered":"<dt><img data-recalc-dims=\"1\" loading=\"lazy\" decoding=\"async\" src=\"https:\/\/i0.wp.com\/www.heraldo.es\/uploads\/imagenes\/rec70\/_servicio_especial%286858609%29_a85986f0.jpg?resize=463%2C273\" width=\"463\" height=\"273\" \/>     <\/p>\n<p align=\"justify\">\n<p><font size=\"1\">Els que heu anant seguint el meu blog haureu pogut comprovar que un dels temes que m\u2019han anat interessant&#160; ha estat el del litigi que t\u00e9 Lleida sobre l\u2019art sacre procedent de la franja de Ponent. Sempre he parlat del tema com un simple afeccionat&#160; i reconeixent que no hi entenc gens. Per\u00f2 s\u00ed que el tema em preocupa i em dol perqu\u00e8 veig que no s\u2019estan fent les coses rectament i que, a la fi, prevalen interessos obscurs que amaguen la realitat.<\/font><\/p>\n<p><font size=\"1\">Buscant sobre el tema, vaig trobar un blog on es parla molt \u2013i b\u00e9- del tema. \u00c9s el blog de l\u2019 Aleix Barber\u00e0 Gin\u00e9 <\/font><a href=\"http:\/\/eixrestaura.blogspot.com\/\"><font size=\"1\">http:\/\/eixrestaura.blogspot.com\/<\/font><\/a><font size=\"1\"> L\u2019Aleix \u00e9s diplomat en conservaci\u00f3 i restauraci\u00f3 de b\u00e9ns culturals (ESCRBCC), en l&#8217;especialitat d&#8217;escultura.&#160; Per tant, \u00e9s un bon coneixedor sobre temes d\u2019art. Quan li vaig demanar perm\u00eds (i que molt generosament em va concedir) per poder fer servir dades del seu blog em deia que hi havia un llibre que estudiava molt b\u00e9 el tema i que us l\u2019aporto per si hi ha alg\u00fa interessat en aprofundir sobre el tema. El llibre \u00e9s el seg\u00fcent:<\/font><\/p>\n<p><font size=\"1\">CASANOVA, Eugeni. <i>El complot. La trama en la segregaci\u00f3 del bisbat de Lleida i el litigi de les obres d&#8217;art<\/i>. Pag\u00e8s Editors. Lleida, 2008.<\/font><\/p>\n<p><font size=\"1\">Des d\u2019avui, i durant uns dies, us aportar\u00e9 uns quants apunts del blog de l\u2019 Aleix Barber\u00e0, animant-vos alhora d\u2019entrar al seu blog, que considero molt interessant.<\/font><\/p>\n<\/dt>\n<dt>\n<p align=\"justify\">\n<p><font face=\"Verdana\"><\/font><font>Les obres en litigi<\/font><\/p>\n<\/dt>\n<dd>\n<p><font size=\"1\">Silverio Nieto, director del Servei Jur\u00eddic Civil de la Confer\u00e8ncia Episcopal Espanyola, ordenava lliurar a Barbastre les obres que estableix al seu informe del 8 de setembre de 2005, que el nunci i la Congregaci\u00f3 per als Bisbes van assumir \u00edntegrament. Les obres que hi figuren s\u00f3n 107, de les quals Nieto va considerar que quinze pertanyien a Lleida. N&#8217;hi ha trenta que van ingressar al museu en l&#8217;\u00e8poca del bisbe Malla i que el bisbat reconeix que estan en dip\u00f2sit i s&#8217;av\u00e9 a lliurar.<\/font><\/p>\n<p><font size=\"1\">Era obvi que el Museu Dioces\u00e0 reunia peces de tota la di\u00f2cesi, per\u00f2 ning\u00fa en coneixia els detalls. El museu, instal\u00b7lat inicialment al Palau Episcopal de Lleida, va estar durant el llarg per\u00edode dels bisbe Malla sense prosperar: les peces no estaven exposades o ho estaven de manera irregular; no hi havia cat\u00e0legs ni documentaci\u00f3 ni es coneixia la proced\u00e8ncia de les obres.<\/font><\/p>\n<p><font size=\"1\">El novembre de 1993, amb la inauguraci\u00f3 de l&#8217;exposici\u00f3 Pulchra, es pretenia donar a con\u00e8ixer les millors peces del Museu, estudiar-les i presentar-les en un bon cat\u00e0leg; per\u00f2 segons la conservadora del museu Carmen Berlab\u00e9, el cat\u00e0leg es va fer amb escassedat de dades, de manera que s&#8217;ha hagut de rectificar. Tot i aix\u00f2, el bisbat de Barbastre es va basar en les peces que aquest cat\u00e0leg atribu\u00efa err\u00f2niament a parr\u00f2quies aragoneses per reclamar-les. A m\u00e9s a m\u00e9s, des de l&#8217;Arag\u00f3 tamb\u00e9 van recercar als n\u00fameros del <i>Bolet\u00edn Oficial del Obispado de L\u00e9rida<\/i>de l&#8217;\u00e8poca per incloure altres peces en la seva demanda.<\/font><\/p>\n<p><font size=\"1\">Per a la realitzaci\u00f3 del cat\u00e0leg es va estudiar el <i>Bolet\u00edn<\/i>, la revista del seminari <i>Esperanza<\/i> i un cat\u00e0leg conc\u00eds que feu moss\u00e8n Armengol el 1936, quan les obres enmig de la Guerra Civil havien de comen\u00e7ar un seguit de trasllats.<\/font><\/p>\n<p><font size=\"1\">Posteriorment a Pulchra continu\u00e0 una extensa recerca a c\u00e0rrec de Carmen Berlab\u00e9 i el professor de la UdL Francesc Fit\u00e9. Es van buscar coincid\u00e8ncies entre el cat\u00e0leg de 1936 i les publicacions del bisbat. Els n\u00fameros d&#8217;inscripci\u00f3 que es van fer servir al final de la guerra, quan les peces del museu van sortir cap a Saragossa, tamb\u00e9 van ser \u00fatils per localitzar i datar obres. La forma d&#8217;ingr\u00e9s (donaci\u00f3, permuta i compra) tamb\u00e9 era fonamental<\/font><\/p>\n<p><a href=\"http:\/\/eixrestaura.blogspot.com\/2010\/12\/el-litigi-de-lart-sacre-la-franja-de_21.html\"><font size=\"1\">http:\/\/eixrestaura.blogspot.com\/2010\/12\/el-litigi-de-lart-sacre-la-franja-de_21.html<\/font><\/a><\/p>\n<\/dd>\n","protected":false},"excerpt":{"rendered":"<p>Els que heu anant seguint el meu blog haureu pogut comprovar que un dels temes que m\u2019han anat interessant&#160; ha estat el del litigi que t\u00e9 Lleida sobre l\u2019art sacre procedent de la franja de Ponent. Sempre he parlat del tema com un simple afeccionat&#160; i reconeixent que no hi entenc gens. Per\u00f2 s\u00ed que [&hellip;]<\/p>\n","protected":false},"author":214,"featured_media":0,"comment_status":"open","ping_status":"closed","sticky":false,"template":"","format":"standard","meta":{"_jetpack_memberships_contains_paid_content":false,"footnotes":"","jetpack_publicize_message":"","jetpack_publicize_feature_enabled":true,"jetpack_social_post_already_shared":false,"jetpack_social_options":{"image_generator_settings":{"template":"highway","default_image_id":0,"font":"","enabled":false},"version":2}},"categories":[29656],"tags":[1890,3645],"class_list":["post-2301","post","type-post","status-publish","format-standard","hentry","category-museu-de-lleida-arts","tag-art","tag-museu-de-lleida"],"jetpack_publicize_connections":[],"jetpack_featured_media_url":"","jetpack_shortlink":"https:\/\/wp.me\/pagkjs-B7","jetpack-related-posts":[],"jetpack_sharing_enabled":true,"_links":{"self":[{"href":"https:\/\/blogs.avui.cat\/jaumepubill\/wp-json\/wp\/v2\/posts\/2301","targetHints":{"allow":["GET"]}}],"collection":[{"href":"https:\/\/blogs.avui.cat\/jaumepubill\/wp-json\/wp\/v2\/posts"}],"about":[{"href":"https:\/\/blogs.avui.cat\/jaumepubill\/wp-json\/wp\/v2\/types\/post"}],"author":[{"embeddable":true,"href":"https:\/\/blogs.avui.cat\/jaumepubill\/wp-json\/wp\/v2\/users\/214"}],"replies":[{"embeddable":true,"href":"https:\/\/blogs.avui.cat\/jaumepubill\/wp-json\/wp\/v2\/comments?post=2301"}],"version-history":[{"count":4,"href":"https:\/\/blogs.avui.cat\/jaumepubill\/wp-json\/wp\/v2\/posts\/2301\/revisions"}],"predecessor-version":[{"id":2303,"href":"https:\/\/blogs.avui.cat\/jaumepubill\/wp-json\/wp\/v2\/posts\/2301\/revisions\/2303"}],"wp:attachment":[{"href":"https:\/\/blogs.avui.cat\/jaumepubill\/wp-json\/wp\/v2\/media?parent=2301"}],"wp:term":[{"taxonomy":"category","embeddable":true,"href":"https:\/\/blogs.avui.cat\/jaumepubill\/wp-json\/wp\/v2\/categories?post=2301"},{"taxonomy":"post_tag","embeddable":true,"href":"https:\/\/blogs.avui.cat\/jaumepubill\/wp-json\/wp\/v2\/tags?post=2301"}],"curies":[{"name":"wp","href":"https:\/\/api.w.org\/{rel}","templated":true}]}}