{"id":2244,"date":"2011-01-20T20:54:37","date_gmt":"2011-01-20T19:54:37","guid":{"rendered":"http:\/\/blogs.avui.cat\/jaumepubill\/?p=2244"},"modified":"2012-01-02T17:45:40","modified_gmt":"2012-01-02T16:45:40","slug":"no-pot-ser-excusa-de-res-per-s-la-ra-de-tot","status":"publish","type":"post","link":"https:\/\/blogs.avui.cat\/jaumepubill\/2011\/01\/20\/no-pot-ser-excusa-de-res-per-s-la-ra-de-tot\/","title":{"rendered":"No pot ser excusa de res, per\u00f2 \u00e9s la ra\u00f3 de tot"},"content":{"rendered":"<p><i><\/i>  <\/p>\n<p align=\"justify\"><img decoding=\"async\" style=\"margin: 0px 12px 0px 0px;float: left\" align=\"left\" src=\"http:\/\/t2.gstatic.com\/images?q=tbn:ANd9GcQvp3pHKkkaqqbs9KzraqwY1SL4dXbvuZ4cKo3oA1erC5btki6O\" \/>Els aldarulls, els cotxes cremats i els actes vand\u00e0lics que s\u2019han produ\u00eft aquests dies a Salt s\u00f3n s\u00edmptoma d\u2019alguna cosa. Em direu que \u00e9s tan evident, que ja ni cal parlar-ne. Potser \u00e9s evident i potser alguns ja ho tenen estudiat i analitzat. Per\u00f2, si \u00e9s aix\u00ed, s\u2019hauria d\u2019explicar i divulgar m\u00e9s.Aquestes coses no es donen perqu\u00e8 s\u00ed i sense cap motiu en particular. Els d\u2019aquest cap de setmana passat tenien l\u2019origen en el suport que un grup de joves volien donar al noi que fa una setmana va caure daltabaix d&#8217;un cinqu\u00e8 pis en intentar escapar de la policia per haver robat una moto. Aquest noi va quedar greument ferit i avui mateix ha mort.<\/p>\n<p align=\"justify\">S\u2019hauria de buscar la ra\u00f3 de tot aix\u00f2; o sigui, all\u00f2 que explica, fa entenedora, fonamenta, justifica, aquests fets. No ens haur\u00edem d\u2019enganyar i amagar el cap sota l\u2019ala. Si no mirem les causes i les analitzem una mica, ens enganyarem a nosaltres mateixos i ens equivocarem.<\/p>\n<p align=\"justify\">Els aldarulls no han de ser una excusa. No ho poden ser. No es pot fer servir un un desgraciat accident per cremar contenidors i cotxes. No \u00e9s just, ni adequat i \u00e9s, simplement, una mostra d\u2019incivisme, una cosa de que que n\u2019anem sobrats darrerament. Darrera de tot aix\u00f2 hi han unes causes que entre tots hem de trobar. Les autoritats han de ser els primers en analitzar-les i segurament que ja ho han fet. Per\u00f2, a m\u00e9s de les autoritats, ho han de fer els partits, les soci\u00f2legs, els organisme c\u00edvics i tothom que hi pugui aportar alguna cosa. Perqu\u00e8 l\u2019alcaldessa de Salt, tota sola, no podr\u00e0 resoldre-ho. Aquest tipus de problemes van molt m\u00e9s enll\u00e0 i s\u2019hi ha d\u2019implicar tota la societat per tal que aquest punts calents no arribin a ser un incendi que no es pugui apagar.<\/p>\n<p align=\"justify\">Unes causes s\u00f3n clares: concentraci\u00f3 en certs barris o certes ciutats d\u2019immigraci\u00f3, condicions econ\u00f2miques i socials prec\u00e0ries, falta de feina, nivells de cultura i educaci\u00f3 tamb\u00e9 for\u00e7a baixos, frac\u00e0s escolar molt alt degut a totes aquestes circumst\u00e0ncies i joves amb nul.les expectatives de futur i, alguns d\u2019ells,&#160; manipulats per gent sense escr\u00fapols i malfactors. Gent dolenta que aprofita qualsevol cosa per manipular menors d\u2019edat i mirar de pescar en aig\u00fces t\u00e8rboles.<\/p>\n<p align=\"justify\">La societat hi podria fer alguna cosa m\u00e9s de la que fa. Els jutges no haurien de deixar anar delinq\u00fcents amb desenes de condemnes en ferm. Els policies haurien de vetllar molt m\u00e9s del que ho fan i perseguir aquells que saben que s\u00f3n capa\u00e7os de desestabilitzar. per\u00f2 amb aix\u00f2 sol no n\u2019hi ha prou. S\u2019han de buscar camins educatius i d\u2019integraci\u00f3 social nous. Segurament s\u2019haurien de buscar noves vies i provar noves f\u00f3rmules.<\/p>\n<p align=\"justify\">Tot aix\u00f2 val diners, vol esfor\u00e7, vol persones amb molta dedicaci\u00f3, per\u00f2 \u00e9s el que m\u00e9s rendir\u00e0 en el futur. Un amic meu \u2013 en <strong>Llu\u00eds Massana<\/strong>&#8211; que ha dedicat la seva vida a l\u2019educaci\u00f3 i que s\u2019ha jubilat aquests dies deia en una entrevista que li feien: &quot;La societat es canvia formant les persones&quot;. Llu\u00eds Massana, ha intentat fer a <strong>l&#8217;Escola Inter municipal del Pened\u00e8s<\/strong> el mateix que feia en la lluita clandestina al temps de la dictadura: canviar les coses, transformar. <strong><em>\u201cEra el que jo i el que tothom volia fer en aquella \u00e8poca. Per\u00f2 b\u00e9, en termes concrets, el que volia fer era b\u00e0sicament formar ciutadans lliures; lliures, participatius i implicats socialment. Avui \u00e9s el model normal, per\u00f2 llavors era una cosa extraterrestre i&#8230; b\u00e9, el cas \u00e9s que al comen\u00e7ar vam tenir problemes\u201d.<\/em><\/strong><\/p>\n<p align=\"justify\">Certament que va tenir problemes, per\u00f2 dono fe que els nois i noies que va formar li ho han agra\u00eft molt i el resultat va ser exce.lent, segons els mateixos testimonis d\u2019alguns alumnes. Aquest \u00e9s el cam\u00ed que caldria fer urgentment en aquest llocs.<\/p>\n","protected":false},"excerpt":{"rendered":"<p>Els aldarulls, els cotxes cremats i els actes vand\u00e0lics que s\u2019han produ\u00eft aquests dies a Salt s\u00f3n s\u00edmptoma d\u2019alguna cosa. Em direu que \u00e9s tan evident, que ja ni cal parlar-ne. Potser \u00e9s evident i potser alguns ja ho tenen estudiat i analitzat. Per\u00f2, si \u00e9s aix\u00ed, s\u2019hauria d\u2019explicar i divulgar m\u00e9s.Aquestes coses no es [&hellip;]<\/p>\n","protected":false},"author":1,"featured_media":0,"comment_status":"open","ping_status":"closed","sticky":false,"template":"","format":"standard","meta":{"_jetpack_memberships_contains_paid_content":false,"footnotes":"","jetpack_publicize_message":"","jetpack_publicize_feature_enabled":true,"jetpack_social_post_already_shared":false,"jetpack_social_options":{"image_generator_settings":{"template":"highway","default_image_id":0,"font":"","enabled":false},"version":2}},"categories":[2367,668,4365,807,83,2397,160,753],"tags":[31892,31855,1018,31859,31824,31893,27324,31827],"class_list":["post-2244","post","type-post","status-publish","format-standard","hentry","category-delinquencia","category-educacio","category-ensenyament-cultura","category-escola","category-immigracio","category-manifestacions-violentes","category-societat","category-violencia","tag-delinquencia","tag-educacio","tag-ensenyament","tag-escola","tag-immigracio","tag-manifestacions-violentes","tag-salt","tag-societat"],"jetpack_publicize_connections":[],"jetpack_featured_media_url":"","jetpack_shortlink":"https:\/\/wp.me\/pagkjs-Ac","jetpack-related-posts":[],"jetpack_sharing_enabled":true,"_links":{"self":[{"href":"https:\/\/blogs.avui.cat\/jaumepubill\/wp-json\/wp\/v2\/posts\/2244","targetHints":{"allow":["GET"]}}],"collection":[{"href":"https:\/\/blogs.avui.cat\/jaumepubill\/wp-json\/wp\/v2\/posts"}],"about":[{"href":"https:\/\/blogs.avui.cat\/jaumepubill\/wp-json\/wp\/v2\/types\/post"}],"author":[{"embeddable":true,"href":"https:\/\/blogs.avui.cat\/jaumepubill\/wp-json\/wp\/v2\/users\/1"}],"replies":[{"embeddable":true,"href":"https:\/\/blogs.avui.cat\/jaumepubill\/wp-json\/wp\/v2\/comments?post=2244"}],"version-history":[{"count":3,"href":"https:\/\/blogs.avui.cat\/jaumepubill\/wp-json\/wp\/v2\/posts\/2244\/revisions"}],"predecessor-version":[{"id":3378,"href":"https:\/\/blogs.avui.cat\/jaumepubill\/wp-json\/wp\/v2\/posts\/2244\/revisions\/3378"}],"wp:attachment":[{"href":"https:\/\/blogs.avui.cat\/jaumepubill\/wp-json\/wp\/v2\/media?parent=2244"}],"wp:term":[{"taxonomy":"category","embeddable":true,"href":"https:\/\/blogs.avui.cat\/jaumepubill\/wp-json\/wp\/v2\/categories?post=2244"},{"taxonomy":"post_tag","embeddable":true,"href":"https:\/\/blogs.avui.cat\/jaumepubill\/wp-json\/wp\/v2\/tags?post=2244"}],"curies":[{"name":"wp","href":"https:\/\/api.w.org\/{rel}","templated":true}]}}