{"id":2243,"date":"2011-01-19T20:52:47","date_gmt":"2011-01-19T19:52:47","guid":{"rendered":"http:\/\/blogs.avui.cat\/jaumepubill\/?p=2243"},"modified":"2011-01-19T20:52:47","modified_gmt":"2011-01-19T19:52:47","slug":"poema-daniversari","status":"publish","type":"post","link":"https:\/\/blogs.avui.cat\/jaumepubill\/2011\/01\/19\/poema-daniversari\/","title":{"rendered":"Poema d&rsquo;aniversari"},"content":{"rendered":"<p><img data-recalc-dims=\"1\" loading=\"lazy\" decoding=\"async\" src=\"https:\/\/i0.wp.com\/www.antoniomas.com\/images\/llaveB.jpg?resize=478%2C359\" width=\"478\" height=\"359\" \/><\/p>\n<p align=\"center\"><strong>SET POEMES D&#8217;ANIVERSARI<\/strong><\/p>\n<p align=\"center\">No t&#8217;ennueguis amb records. Set claus<\/p>\n<p align=\"center\">barren set portes. Saps prou b\u00e9 qu\u00e8 hi ha<\/p>\n<p align=\"center\">darrera cadascuna per tornar-hi<\/p>\n<p align=\"center\">amb el pretext d&#8217;enyors o neglig\u00e8ncies.<\/p>\n<p align=\"center\">No s&#8217;esmena la vida ja viscuda<\/p>\n<p align=\"center\">i aquest crepuscle de balaix desvetlla<\/p>\n<p align=\"center\">noves veus que vulneren tots els l\u00edmits.<\/p>\n<p align=\"center\">Guarda la trista borra dels secrets<\/p>\n<p align=\"center\">al fons obscur de qualsevol butxaca.<\/p>\n<p align=\"center\">Que no t&#8217;exclogui el vent dels seus combats<\/p>\n<p align=\"center\">ni la mar, dels seus ocis. Per colrar-te<\/p>\n<p align=\"center\">de nou la pell haur\u00e0s d&#8217;obrir finestres.<\/p>\n<p align=\"center\">No sentis massa pietat de tu.<\/p>\n<p align=\"center\">Llen\u00e7a les claus i apr\u00e8n-te m\u00e9s encara.<\/p>\n<p align=\"center\"><strong>Miquel Mart\u00ed i Pol<\/strong><\/p>\n<p align=\"center\">&#160;<\/p>\n<p>Gr\u00e0cies a tots els que m\u2019heu felicitat avui, dia del meu aniversari. <\/p>\n<p>Gr\u00e0cies a aquells amb els que ens coneixem des de fa molts anys i gr\u00e0cies als nou arribats a la meva vida.<\/p>\n<p>Tots sou importants perqu\u00e8 tots m\u2019heu regalat la vostra amistat, el vostre afecte i tots m\u2019heu donat alguna cosa.<\/p>\n<p>Faig servir un poema que m\u2019ha arribat amb una de les felicitacions i trobo que \u00e9s molt bonic, com tot el d\u2019en Mart\u00ed i Pol.<\/p>\n<p>Gr\u00e0cies a tots i que en puguem celebrar molts m\u00e9s en vida vostra.<\/p>\n","protected":false},"excerpt":{"rendered":"<p>SET POEMES D&#8217;ANIVERSARI No t&#8217;ennueguis amb records. Set claus barren set portes. Saps prou b\u00e9 qu\u00e8 hi ha darrera cadascuna per tornar-hi amb el pretext d&#8217;enyors o neglig\u00e8ncies. No s&#8217;esmena la vida ja viscuda i aquest crepuscle de balaix desvetlla noves veus que vulneren tots els l\u00edmits. Guarda la trista borra dels secrets al fons [&hellip;]<\/p>\n","protected":false},"author":214,"featured_media":0,"comment_status":"open","ping_status":"closed","sticky":false,"template":"","format":"standard","meta":{"_jetpack_memberships_contains_paid_content":false,"footnotes":"","jetpack_publicize_message":"","jetpack_publicize_feature_enabled":true,"jetpack_social_post_already_shared":false,"jetpack_social_options":{"image_generator_settings":{"template":"highway","default_image_id":0,"font":"","enabled":false},"version":2}},"categories":[5009],"tags":[2326,31873,31941],"class_list":["post-2243","post","type-post","status-publish","format-standard","hentry","category-relacions-humanes","tag-aniversari","tag-miquel-marti-i-pol","tag-relacions-humanes"],"jetpack_publicize_connections":[],"jetpack_featured_media_url":"","jetpack_shortlink":"https:\/\/wp.me\/pagkjs-Ab","jetpack-related-posts":[],"jetpack_sharing_enabled":true,"_links":{"self":[{"href":"https:\/\/blogs.avui.cat\/jaumepubill\/wp-json\/wp\/v2\/posts\/2243","targetHints":{"allow":["GET"]}}],"collection":[{"href":"https:\/\/blogs.avui.cat\/jaumepubill\/wp-json\/wp\/v2\/posts"}],"about":[{"href":"https:\/\/blogs.avui.cat\/jaumepubill\/wp-json\/wp\/v2\/types\/post"}],"author":[{"embeddable":true,"href":"https:\/\/blogs.avui.cat\/jaumepubill\/wp-json\/wp\/v2\/users\/214"}],"replies":[{"embeddable":true,"href":"https:\/\/blogs.avui.cat\/jaumepubill\/wp-json\/wp\/v2\/comments?post=2243"}],"version-history":[{"count":0,"href":"https:\/\/blogs.avui.cat\/jaumepubill\/wp-json\/wp\/v2\/posts\/2243\/revisions"}],"wp:attachment":[{"href":"https:\/\/blogs.avui.cat\/jaumepubill\/wp-json\/wp\/v2\/media?parent=2243"}],"wp:term":[{"taxonomy":"category","embeddable":true,"href":"https:\/\/blogs.avui.cat\/jaumepubill\/wp-json\/wp\/v2\/categories?post=2243"},{"taxonomy":"post_tag","embeddable":true,"href":"https:\/\/blogs.avui.cat\/jaumepubill\/wp-json\/wp\/v2\/tags?post=2243"}],"curies":[{"name":"wp","href":"https:\/\/api.w.org\/{rel}","templated":true}]}}