{"id":2242,"date":"2011-01-18T21:02:41","date_gmt":"2011-01-18T20:02:41","guid":{"rendered":"http:\/\/blogs.avui.cat\/jaumepubill\/?p=2242"},"modified":"2011-01-18T21:02:41","modified_gmt":"2011-01-18T20:02:41","slug":"per-molts-anys-pep","status":"publish","type":"post","link":"https:\/\/blogs.avui.cat\/jaumepubill\/2011\/01\/18\/per-molts-anys-pep\/","title":{"rendered":"Per molts anys, Pep!"},"content":{"rendered":"<h4 align=\"justify\"><font size=\"2\" face=\"Verdana\"><img data-recalc-dims=\"1\" loading=\"lazy\" decoding=\"async\" style=\"margin: 0px 12px 0px 0px;float: left\" align=\"left\" src=\"https:\/\/i0.wp.com\/1.bp.blogspot.com\/_6OSR_mCa4bw\/TEaMoG-cNLI\/AAAAAAAA35s\/wJS6skYJGys\/s200\/29272_395801570685_720520685_4807237_2789532_n.jpg?resize=253%2C230\" width=\"253\" height=\"230\" \/><\/font><\/h4>\n<h4 align=\"justify\"><font size=\"2\" face=\"Verdana\">Avui el Pep Guardiola compleix 40 anys. Dem\u00e0 jo en compleixo 63. Som del mateix signe \u2013Capricorn- tots dos, encara que no s\u00e9 si ens assemblem massa (de fet, jo no hi crec massa en aix\u00f2 de l\u2019hor\u00f2scop). Poques coses ens deuen unir a mi i al Pep, si no \u00e9s aquest fet de ser del mateix signe i ser els dos uns enamorats del Bar\u00e7a i del futbol. Ell hi va destacar, en va fer una professi\u00f3 i s\u2019ha fet un nom i un merescut prestigi en aquest m\u00f3n tan complicat. Per a mi era simplement una afici\u00f3 i no hi vaig destacar perqu\u00e8 em faltaven qualitats i inter\u00e8s. Per\u00f2 m\u2019ho passava d\u2019all\u00f2 m\u00e9s b\u00e9 jugant a futbol i amb aix\u00f2 ja he quedat satisfet.<\/font><\/h4>\n<p align=\"justify\">&#160;<\/p>\n<h4 align=\"justify\"><font size=\"2\" face=\"Verdana\">Per\u00f2 hi ha una cosa que us vull explicar, aprofitant aquest aniversari. Quan jo era jove i jugava a futbol en un club modest, an\u00e0vem a jugar a un poblet petit del Bages, que era encara m\u00e9s petit que la ciutat del meu equip: Solsona. El club de futbol de Solsona en aquells temps jugava a la categoria de Segona Regional i ens tocava jugar al mateix grup del Santpedor. Era cap als anys 70-72. Recordo molt b\u00e9 el camp, els diversos partits que hi vaig jugar i el b\u00e9 que ens ho pass\u00e0vem. No guany\u00e0vem ni un duro: simplement ens venien a buscar en taxi a tres o quatre companys, ens pagaven el dinar i ens portaven al camp. Jug\u00e0vem el partit i, amb el mateix taxi, ens retornaven a Sant Cugat del Vall\u00e8s, que era on estudi\u00e0vem i resid\u00edem. Ens ho pass\u00e0vem molt b\u00e9 i amb aix\u00f2 ja en ten\u00edem prou. Segurament que el Pep no m\u2019havia vist jugar perqu\u00e8 en aquells anys nom\u00e9s en tenia 1 o 2 i no crec que fos ja tan prematur com per anar a veure futbol\u2026<\/font><\/h4>\n<p align=\"justify\">&#160;<\/p>\n<h4 align=\"justify\"><font size=\"2\" face=\"Verdana\">\u00c9s una simple an\u00e8cdota que he recordat avui, mentre escoltava la roda de premsa que feia. Mentre l\u2019escoltava anava augmentant la meva admiraci\u00f3 pel Pep. M\u2019agradava com a jugador, m\u2019agrada molt com a entrenador, per\u00f2 encara m\u2019agrada m\u00e9s com a persona. Considero que una persona aix\u00ed fa m\u00e9s senyor, m\u00e9s gran i m\u00e9s admirat un club com el Bar\u00e7a. Tant de bo ens duri molts anys i tant de bo seguim tenint entrenadors com ell quan ja no hi sigui.<\/font><\/h4>\n<p align=\"justify\">&#160;<\/p>\n<h4 align=\"justify\"><font size=\"2\" face=\"Verdana\">\u00c9s una persona amb molts m\u00e9s valors dels que aparentment es veuen. Alguns d\u2019aquests valors es veuen de seguida, ja d\u2019entrada. Per\u00f2 altres es van descobrint a mida que analitzes coses, entrevistes, paraules, gestos, comportaments\u2026 Per\u00f2&#160; si n\u2019hagu\u00e9s de destacar alguns, diria que \u00e9s una persona senzilla, humil, molt respectuosa amb els dem\u00e9s, treballadora, amb sentit com\u00fa, intel\u00b7ligent, assenyada, humana, l\u00edder, tena\u00e7\u2026 Treballa ell, fa treballar els jugadors i, tots junts, fan un equip, una pinya que fa que uns facin millors els altres i amb l\u2019esfor\u00e7 i la qualitat de tots, facin un equip extraordinari que a vegades ratlla l\u2019excel\u00b7l\u00e8ncia.<\/font><\/h4>\n<p align=\"justify\"><font size=\"2\"><\/font><\/p>\n<p align=\"justify\"><font size=\"2\">Per molts anys, Pep, i que et tinguem molts m\u00e9s m\u00e9s entre nosaltres i que puguem celebrar tants triomfs com fins ara!<\/font><\/p>\n<p align=\"justify\"><font size=\"2\"><\/font><\/p>\n<h4 align=\"justify\"><\/h4>\n","protected":false},"excerpt":{"rendered":"<p>Avui el Pep Guardiola compleix 40 anys. Dem\u00e0 jo en compleixo 63. Som del mateix signe \u2013Capricorn- tots dos, encara que no s\u00e9 si ens assemblem massa (de fet, jo no hi crec massa en aix\u00f2 de l\u2019hor\u00f2scop). Poques coses ens deuen unir a mi i al Pep, si no \u00e9s aquest fet de ser [&hellip;]<\/p>\n","protected":false},"author":214,"featured_media":0,"comment_status":"open","ping_status":"closed","sticky":false,"template":"","format":"standard","meta":{"_jetpack_memberships_contains_paid_content":false,"footnotes":"","jetpack_publicize_message":"","jetpack_publicize_feature_enabled":true,"jetpack_social_post_already_shared":false,"jetpack_social_options":{"image_generator_settings":{"template":"highway","default_image_id":0,"font":"","enabled":false},"version":2}},"categories":[656,657,2946],"tags":[31851,31852,31915],"class_list":["post-2242","post","type-post","status-publish","format-standard","hentry","category-barca","category-futbol","category-guardiola","tag-barca","tag-futbol","tag-guardiola"],"jetpack_publicize_connections":[],"jetpack_featured_media_url":"","jetpack_shortlink":"https:\/\/wp.me\/pagkjs-Aa","jetpack-related-posts":[],"jetpack_sharing_enabled":true,"_links":{"self":[{"href":"https:\/\/blogs.avui.cat\/jaumepubill\/wp-json\/wp\/v2\/posts\/2242","targetHints":{"allow":["GET"]}}],"collection":[{"href":"https:\/\/blogs.avui.cat\/jaumepubill\/wp-json\/wp\/v2\/posts"}],"about":[{"href":"https:\/\/blogs.avui.cat\/jaumepubill\/wp-json\/wp\/v2\/types\/post"}],"author":[{"embeddable":true,"href":"https:\/\/blogs.avui.cat\/jaumepubill\/wp-json\/wp\/v2\/users\/214"}],"replies":[{"embeddable":true,"href":"https:\/\/blogs.avui.cat\/jaumepubill\/wp-json\/wp\/v2\/comments?post=2242"}],"version-history":[{"count":0,"href":"https:\/\/blogs.avui.cat\/jaumepubill\/wp-json\/wp\/v2\/posts\/2242\/revisions"}],"wp:attachment":[{"href":"https:\/\/blogs.avui.cat\/jaumepubill\/wp-json\/wp\/v2\/media?parent=2242"}],"wp:term":[{"taxonomy":"category","embeddable":true,"href":"https:\/\/blogs.avui.cat\/jaumepubill\/wp-json\/wp\/v2\/categories?post=2242"},{"taxonomy":"post_tag","embeddable":true,"href":"https:\/\/blogs.avui.cat\/jaumepubill\/wp-json\/wp\/v2\/tags?post=2242"}],"curies":[{"name":"wp","href":"https:\/\/api.w.org\/{rel}","templated":true}]}}