{"id":2174,"date":"2011-01-10T00:01:00","date_gmt":"2011-01-09T23:01:00","guid":{"rendered":"http:\/\/blogs.avui.cat\/jaumepubill\/?p=2174"},"modified":"2011-01-09T23:47:48","modified_gmt":"2011-01-09T22:47:48","slug":"lnima-de-les-llenges","status":"publish","type":"post","link":"https:\/\/blogs.avui.cat\/jaumepubill\/2011\/01\/10\/lnima-de-les-llenges\/","title":{"rendered":"L&rsquo;&Agrave;NIMA DE LES LLENG&Uuml;ES"},"content":{"rendered":"<p align=\"justify\"><img decoding=\"async\" style=\"margin: 0px 10px 0px 0px;float: left\" align=\"left\" src=\"http:\/\/t3.gstatic.com\/images?q=tbn:ANd9GcRf87O1yp9u-IvvkNOz4_ZDutxxdmgcZLNYkfKNIubF8m-mbhnR\" \/>Les lleng\u00fces tenen \u00e0nima. Com les persones i les coses. Quan entres a una casa hi pots veure com s\u00f3n les persones que hi viuen. Quan escoltes una persona pots saber com \u00e9s per les seves paraules i les seves expressions.<\/p>\n<p align=\"justify\">Ahir m\u2019escrivia des de Nova York en JUANOT, que t\u00e9 un blog que es diu \u201c<a href=\"NOVA YORK &Eacute;S DIFERENT\" target=\"_blank\">NOVA YORK \u00c9S DIFERENT<\/a>\u201d, comentant-me un post meu i preguntant-me qu\u00e8 volia dir una paraula t\u00edpicament lleidatana i que ell no coneixia. Li contestava que la llengua catalana \u2013com quasi totes les lleng\u00fces- tenen moltes varietats dialectals i que cada una mostra d\u2019alguna manera la manera de ser d\u2019on es parla. La realitat es diu, es mostra, es retrata des d\u2019una perspectiva concreta i a partir d\u2019una manera de parlar concreta. <\/p>\n<p align=\"justify\">Vaig rebre aquest escrit an\u00f2nim (almenys per mi) que retrata aix\u00f2 que dic:<\/p>\n<p align=\"justify\"><font color=\"#ff0000\" size=\"3\">LA LLENGUA DIU MOLT DE NOSALTRES:      <br \/><\/font><b>Ells diuen &#8216;perro viejo&#8217; i &#8216;mosquita muerta&#8217; all\u00e0 on nosaltres diem &#8216;gat vell&#8217; i &#8216;gata maula&#8217;.<\/b>     <br \/><b>La sort m\u00e0xima de la rifa \u00e9s un mascul\u00ed &#8216;el gordo&#8217;, all\u00e0, i un femen\u00ed, &#8216;la grossa&#8217;, aqu\u00ed.<\/b>     <br \/><b>De la dona de Sant Josep els espanyols destaquen que sigui &#8216;Virgen&#8217; i<\/b> <b>nosaltres que sigui &#8216;Mare de D\u00e9u&#8217;.<\/b>     <br \/><b>Ells paguen &#8216;impuestos&#8217;, que ve d&#8221;imponer&#8217;, i nosaltres &#8216;contribucions&#8217; que ve de &#8216;contribuir&#8217;.<\/b>     <br \/><b>Els espanyols desvergonyits ho s\u00f3n del tot, no tenen gens ni mica de vergonya, ja que s\u00f3n uns &#8216;sinverg\u00fcenzas&#8217;, mentre que els corresponents catalans s\u00f3n, nom\u00e9s, uns &#8216;poca-vergonyes&#8217;.<\/b>     <br \/><b>Com a mesura preventiva o deslliuradora, ells toquen &#8216;madera&#8217; quan nosaltres toquem &#8216;ferro&#8217;.<\/b>     <br \/><b>All\u00e0 celebren cada any les &#8216;Navidades&#8217; mentre que aqu\u00ed amb un sol &#8216;Nadal&#8217; anual ja en tenim prou, com en tenim prou tamb\u00e9 amb un &#8216;bon dia&#8217; i una &#8216;bona nit&#8217; cada vint-i-quatre hores, enfront dels seus, m\u00faltiples buenos d\u00edas&#8217; i &#8216;buenas noches&#8217; diaris.<\/b>     <br \/><b>A Espanya es veu que ho donen tot, dar besos, abrazos, pena, paseos &#8230; <\/b><b>&#8216; mentre que als Pa\u00efsos Catalans donem m\u00e9s aviat poc, ja que ens ho hem de fer solets &#8216;fer petons, abra\u00e7ades, pena, un tomb&#8230;&#8217;.<\/b>     <br \/><b>All\u00e0 diuen &#8216;\u00a1oiga!&#8217; quan aqu\u00ed filem mes prim amb un &#8216;escolti!&#8217;<\/b>     <br \/><b>Dels ous de gallina que no s\u00f3n blancs, ells en diuen &#8216;morenos&#8217; i nosaltres &#8216;rossos&#8217;, colors que s&#8217;oposen habitualment parlant dels cabells de les persones.<\/b>     <br \/><b>Dels genitals femenins, all\u00e0 en diuen vulgarment &#8216;almeja&#8217; i aqu\u00ed &#8216;figa&#8217;, mots que designen dues realitats tan diferents com \u00e9s un mol\u00b7lusc salat, aspre, dur, grisenc i dif\u00edcil d&#8217;obrir, en un cas, i, en l&#8217;altre, un fruit dol\u00e7, suc\u00f3s, tou, rogenc i de tacte agradable i f\u00e0cil.<\/b>     <br \/><b>Mentre ells &#8216;hablan&#8217; -i fan!- aqu\u00ed &#8216;enraonem&#8217;, \u00e9s a dir, fem anar la ra\u00f3, sense \u00e8xit, tanmateix.<\/b>     <br \/><b>All\u00e0 per ensenyar alguna cosa a alg\u00fa &#8216;adiestran&#8217; i aqu\u00ed &#8216;ensinistrem&#8217;. M\u00e9s enll\u00e0 dels conceptes pol\u00edtics actuals, els uns basen l&#8217;ensenyament sobre la &#8216;destra&#8217; (dreta) i els altres sobre la &#8216;sinistra'(esquerra)&#8230;<\/b><\/p>\n<p align=\"justify\">&#160;<\/p>\n<p> <b><\/b>  <\/p>\n<p align=\"justify\">Tota una concepci\u00f3 del m\u00f3n, doncs, s&#8217;endevina rere cada mot d&#8217;una llengua, perqu\u00e8 la llengua \u00e9s l&#8217;expressi\u00f3 d&#8217;un comportament col\u00b7lectiu, d&#8217;una psicologia nacional, diferent, no pas millor o pitjor que altres. No es tracta, en conseq\u00fc\u00e8ncia, de traduir nom\u00e9s, sin\u00f3 d&#8217;entendre. Per aix\u00f2, tots els qui han canviat de llengua a casa, al carrer, a la feina, no \u00fanicament canvien de llengua. Tamb\u00e9 canvien de punt de vista.    <\/p>\n","protected":false},"excerpt":{"rendered":"<p>Les lleng\u00fces tenen \u00e0nima. Com les persones i les coses. Quan entres a una casa hi pots veure com s\u00f3n les persones que hi viuen. Quan escoltes una persona pots saber com \u00e9s per les seves paraules i les seves expressions. Ahir m\u2019escrivia des de Nova York en JUANOT, que t\u00e9 un blog que es [&hellip;]<\/p>\n","protected":false},"author":214,"featured_media":0,"comment_status":"open","ping_status":"closed","sticky":false,"template":"","format":"standard","meta":{"_jetpack_memberships_contains_paid_content":false,"footnotes":"","jetpack_publicize_message":"","jetpack_publicize_feature_enabled":true,"jetpack_social_post_already_shared":false,"jetpack_social_options":{"image_generator_settings":{"template":"highway","default_image_id":0,"font":"","enabled":false},"version":2}},"categories":[877,1296,20695,3691],"tags":[31863,230,824,31919],"class_list":["post-2174","post","type-post","status-publish","format-standard","hentry","category-catalunya","category-espana","category-llengua-3","category-paisos","tag-catalunya","tag-espanya","tag-llengua-catalana","tag-paisos"],"jetpack_publicize_connections":[],"jetpack_featured_media_url":"","jetpack_shortlink":"https:\/\/wp.me\/pagkjs-z4","jetpack-related-posts":[],"jetpack_sharing_enabled":true,"_links":{"self":[{"href":"https:\/\/blogs.avui.cat\/jaumepubill\/wp-json\/wp\/v2\/posts\/2174","targetHints":{"allow":["GET"]}}],"collection":[{"href":"https:\/\/blogs.avui.cat\/jaumepubill\/wp-json\/wp\/v2\/posts"}],"about":[{"href":"https:\/\/blogs.avui.cat\/jaumepubill\/wp-json\/wp\/v2\/types\/post"}],"author":[{"embeddable":true,"href":"https:\/\/blogs.avui.cat\/jaumepubill\/wp-json\/wp\/v2\/users\/214"}],"replies":[{"embeddable":true,"href":"https:\/\/blogs.avui.cat\/jaumepubill\/wp-json\/wp\/v2\/comments?post=2174"}],"version-history":[{"count":1,"href":"https:\/\/blogs.avui.cat\/jaumepubill\/wp-json\/wp\/v2\/posts\/2174\/revisions"}],"predecessor-version":[{"id":2175,"href":"https:\/\/blogs.avui.cat\/jaumepubill\/wp-json\/wp\/v2\/posts\/2174\/revisions\/2175"}],"wp:attachment":[{"href":"https:\/\/blogs.avui.cat\/jaumepubill\/wp-json\/wp\/v2\/media?parent=2174"}],"wp:term":[{"taxonomy":"category","embeddable":true,"href":"https:\/\/blogs.avui.cat\/jaumepubill\/wp-json\/wp\/v2\/categories?post=2174"},{"taxonomy":"post_tag","embeddable":true,"href":"https:\/\/blogs.avui.cat\/jaumepubill\/wp-json\/wp\/v2\/tags?post=2174"}],"curies":[{"name":"wp","href":"https:\/\/api.w.org\/{rel}","templated":true}]}}