{"id":2149,"date":"2011-01-05T00:19:00","date_gmt":"2011-01-04T23:19:00","guid":{"rendered":"http:\/\/blogs.avui.cat\/jaumepubill\/?p=2149"},"modified":"2011-01-05T00:19:00","modified_gmt":"2011-01-04T23:19:00","slug":"el-millor-joguet","status":"publish","type":"post","link":"https:\/\/blogs.avui.cat\/jaumepubill\/2011\/01\/05\/el-millor-joguet\/","title":{"rendered":"El millor joguet"},"content":{"rendered":"<p align=\"justify\"><img decoding=\"async\" style=\"margin: 0px 8px 0px 0px;float: left\" align=\"left\" src=\"http:\/\/t1.gstatic.com\/images?q=tbn:ANd9GcRb_f67TGEkklUNVjuL46uqMdHgEsANN9DhHI7bPymoDOwdGSIh\" \/>S\u2019atansen els Reis. Dies de regals. Dies de joguets. Tots tenim a la mem\u00f2ria aquelles primeres nits de Reis en qu\u00e8 ens en an\u00e0vem a dormir emocionats i nerviosos. Esper\u00e0vem veure qu\u00e8 ens deixaven els reis durant la nit. Ten\u00edem un ull obert i l\u2019altre tancat i de bon mat\u00ed ja ens despert\u00e0vem i no calia que ens cridessin. Ens llev\u00e0vem sols.<\/p>\n<p align=\"justify\">A vegades el que ens deixaven era ben poca cosa. Eren temps de crisi permanent i normalment era la meitat del que hav\u00edem demanat en aquella llarga carta, en la que explic\u00e0vem el b\u00e9 que ens hav\u00edem portat durant l\u2019any i la il\u00b7lusi\u00f3 que ens faria que ens portessin tal o qual cosa\u2026<\/p>\n<p align=\"justify\">El millor joguet \u00e9s aquell que fa que es rebi amb il\u00b7lusi\u00f3 i que faci perdurar aquesta il\u00b7lusi\u00f3 durant molt de temps. Voldr\u00e0 dir que \u00e9s el joguet adequat si entret\u00e9 i educa (la ment o el cos). Jugar \u00e9s essencial per al desenvolupament equilibrat del nen i cap a la seva preparaci\u00f3 per a la seva vida adulta. Aqu\u00ed podr\u00edem recordar les paraules de l&#8217;especialista en educaci\u00f3 infantil Jean Ch\u00e2teau: &quot;un nen que no sap jugar ser\u00e0 un adult que no sabr\u00e0 pensar&quot;.<\/p>\n<p align=\"justify\">Per tant, escollir una bona joguina no \u00e9s f\u00e0cil. No necess\u00e0riament&#160; \u00e9s aquella que est\u00e0 de moda (cada any n\u2019hi ha alguna de nova), ni aquella que anuncien tant per TV, ni la m\u00e9s cara, ni la m\u00e9s atractiva. Cal veure els gustos de l\u2019infant, els seus interessos i les seves necessitats. Veure qu\u00e8 vol i qu\u00e8 necessita. Pensem que, a m\u00e9s de joguets, hi ha llibres que ajudaran a que aprenguin i fomentaran la seva imaginaci\u00f3. Una de les coses que recordo m\u00e9s dels meus Reis de quan era petit, s\u00f3n els llibres que em posava a llegir fren\u00e8ticament el mateix dia de Reis. De llavors em ve el gust a llegir i escriure.<\/p>\n<p align=\"justify\">I una altra cosa: no cal regalar muntanyes de joguets. Val m\u00e9s pocs i ben triats. Tampoc no cal comprar-los tots durant aquests dies. Durant la resta de l\u2019any hi haur\u00e0 ocasi\u00f3 per fer altres regals (aniversari, onom\u00e0stica, etc). I potser seria bo tamb\u00e9 que abans se\u2019n parl\u00e9s amb els mestres i professors. Ells poden saber tan o m\u00e9s que els pares quines necessitats t\u00e9 cada nen.<\/p>\n<p align=\"justify\">I a nosaltres els grans? Qu\u00e8 ens portaran el reis a nosaltres? Tot ser\u00e0 benvingut si no \u00e9s el negre carb\u00f3, no us sembla?<\/p>\n","protected":false},"excerpt":{"rendered":"<p>S\u2019atansen els Reis. Dies de regals. Dies de joguets. Tots tenim a la mem\u00f2ria aquelles primeres nits de Reis en qu\u00e8 ens en an\u00e0vem a dormir emocionats i nerviosos. Esper\u00e0vem veure qu\u00e8 ens deixaven els reis durant la nit. Ten\u00edem un ull obert i l\u2019altre tancat i de bon mat\u00ed ja ens despert\u00e0vem i no [&hellip;]<\/p>\n","protected":false},"author":214,"featured_media":0,"comment_status":"open","ping_status":"closed","sticky":false,"template":"","format":"standard","meta":{"_jetpack_memberships_contains_paid_content":false,"footnotes":"","jetpack_publicize_message":"","jetpack_publicize_feature_enabled":true,"jetpack_social_post_already_shared":false,"jetpack_social_options":{"image_generator_settings":{"template":"highway","default_image_id":0,"font":"","enabled":false},"version":2}},"categories":[3138,4643,703],"tags":[31916,31933,27002,27000,31857],"class_list":["post-2149","post","type-post","status-publish","format-standard","hentry","category-emocions","category-felicitat","category-tradicions","tag-emocions","tag-felicitat","tag-joguets","tag-nit-de-reis","tag-tradicions"],"jetpack_publicize_connections":[],"jetpack_featured_media_url":"","jetpack_shortlink":"https:\/\/wp.me\/pagkjs-yF","jetpack-related-posts":[],"jetpack_sharing_enabled":true,"_links":{"self":[{"href":"https:\/\/blogs.avui.cat\/jaumepubill\/wp-json\/wp\/v2\/posts\/2149","targetHints":{"allow":["GET"]}}],"collection":[{"href":"https:\/\/blogs.avui.cat\/jaumepubill\/wp-json\/wp\/v2\/posts"}],"about":[{"href":"https:\/\/blogs.avui.cat\/jaumepubill\/wp-json\/wp\/v2\/types\/post"}],"author":[{"embeddable":true,"href":"https:\/\/blogs.avui.cat\/jaumepubill\/wp-json\/wp\/v2\/users\/214"}],"replies":[{"embeddable":true,"href":"https:\/\/blogs.avui.cat\/jaumepubill\/wp-json\/wp\/v2\/comments?post=2149"}],"version-history":[{"count":0,"href":"https:\/\/blogs.avui.cat\/jaumepubill\/wp-json\/wp\/v2\/posts\/2149\/revisions"}],"wp:attachment":[{"href":"https:\/\/blogs.avui.cat\/jaumepubill\/wp-json\/wp\/v2\/media?parent=2149"}],"wp:term":[{"taxonomy":"category","embeddable":true,"href":"https:\/\/blogs.avui.cat\/jaumepubill\/wp-json\/wp\/v2\/categories?post=2149"},{"taxonomy":"post_tag","embeddable":true,"href":"https:\/\/blogs.avui.cat\/jaumepubill\/wp-json\/wp\/v2\/tags?post=2149"}],"curies":[{"name":"wp","href":"https:\/\/api.w.org\/{rel}","templated":true}]}}