{"id":209,"date":"2009-01-15T21:02:25","date_gmt":"2009-01-15T20:02:25","guid":{"rendered":"http:\/\/blogs.avui.cat\/jaumepubill\/2009\/01\/15\/carlos-mendo-i-santiago-bernabeu\/"},"modified":"2009-01-15T21:02:25","modified_gmt":"2009-01-15T20:02:25","slug":"carlos-mendo-i-santiago-bernabeu","status":"publish","type":"post","link":"https:\/\/blogs.avui.cat\/jaumepubill\/2009\/01\/15\/carlos-mendo-i-santiago-bernabeu\/","title":{"rendered":"Carlos Mendo i Santiago Bernabeu"},"content":{"rendered":"<p><img decoding=\"async\" src=\"http:\/\/tbn3.google.com\/images?q=tbn:NGFz-SNxp8PCKM:http:\/\/www.realmadridfans.org\/sbernabeu\/sberna1.jpg\" \/><\/p>\n<p>La vida \u00e9s una mica com ens la mirem en un moment determinat. Una mateixa cosa pot fer riure o plorar, segons l\u2019estat d\u2019\u00e0nim que tinguem a l\u2019hora d\u2019escoltar-la. Aix\u00f2 ho dic perqu\u00e8 la frase que avui he escoltat no s\u00e9 si fa riure o plorar.<\/p>\n<p>Resulta que estava escoltant el periodista Carlos Mendo, madridista conf\u00e9s, en una tert\u00falia on es parlava dels mals del Real\u00edsimo. Tots els tertulians coincidien en que la cosa anava de mal borr\u00e0s a cal Madrid. Em direu que tinc mal gust i que aix\u00f2 no s\u00f3n coses que s\u2019hagin d\u2019escoltar. Per\u00f2, qu\u00e8 voleu que us digui\u2026m\u2019ho passava b\u00e9 veient com tots es posaven d\u2019acord en que el Madrid \u00e9s una olla de grills, de fa una bona temporada.<\/p>\n<p>I aqu\u00ed \u00e9s on surt Carlos Mendo i diu \u201cLo que deber\u00eda suceder \u00e9s que deber\u00eda volver Santiago&#160; Bernabeu\u201d. I jo he pensat: I el General\u00edssimo! No et fot! Si tornessin tots potser si que posarien ordre. Aquell ordre que tots sabem que van posar des de Madrid per una bona colla d\u2019anys\u2026<\/p>\n<p>Com que era despr\u00e9s de dinar i estava fent el caf\u00e8, la frase m\u2019ha resultat graciosa. O sigui, que m\u2019ha fet gr\u00e0cia; que m\u2019ha fet riure. Per\u00f2 a mida que hi he anat pensant\u2026ja no me\u2019n feia tanta de gr\u00e0cia. Pensava: mira si en queden de nost\u00e0lgics de temps pret\u00e8rits&#160; encara!. Nost\u00e0lgics de Bernabeu, per\u00f2 tamb\u00e9 nost\u00e0lgics de moltes altres coses. Escoltant&#160; Carlos Mendo en tenim un bon exemple. I quan opina d\u2019altres temes, com \u201cels nacionalismes\u201d , ja ni cal dir-ho. Nost\u00e0lgia pura!. Falangisme pur!<\/p>\n<p>Entre tant, esperar\u00e9 a veure si un dia d\u2019aquests organitzen una tert\u00falia parlant del b\u00e9 que va el Bar\u00e7a.<\/p>\n<div>Etiquetes de Technorati: <a href=\"http:\/\/technorati.com\/tags\/Futbol\" rel=\"tag\">Futbol<\/a>,<a href=\"http:\/\/technorati.com\/tags\/Pol%c3%adtica\" rel=\"tag\">Pol&#237;tica<\/a><\/div>\n","protected":false},"excerpt":{"rendered":"<p>La vida \u00e9s una mica com ens la mirem en un moment determinat. Una mateixa cosa pot fer riure o plorar, segons l\u2019estat d\u2019\u00e0nim que tinguem a l\u2019hora d\u2019escoltar-la. Aix\u00f2 ho dic perqu\u00e8 la frase que avui he escoltat no s\u00e9 si fa riure o plorar. Resulta que estava escoltant el periodista Carlos Mendo, madridista [&hellip;]<\/p>\n","protected":false},"author":214,"featured_media":0,"comment_status":"open","ping_status":"open","sticky":false,"template":"","format":"standard","meta":{"_jetpack_memberships_contains_paid_content":false,"footnotes":"","jetpack_publicize_message":"","jetpack_publicize_feature_enabled":true,"jetpack_social_post_already_shared":false,"jetpack_social_options":{"image_generator_settings":{"template":"highway","default_image_id":0,"font":"","enabled":false},"version":2}},"categories":[657,172],"tags":[],"class_list":["post-209","post","type-post","status-publish","format-standard","hentry","category-futbol","category-politica"],"jetpack_publicize_connections":[],"jetpack_featured_media_url":"","jetpack_shortlink":"https:\/\/wp.me\/pagkjs-3n","jetpack-related-posts":[],"jetpack_sharing_enabled":true,"_links":{"self":[{"href":"https:\/\/blogs.avui.cat\/jaumepubill\/wp-json\/wp\/v2\/posts\/209","targetHints":{"allow":["GET"]}}],"collection":[{"href":"https:\/\/blogs.avui.cat\/jaumepubill\/wp-json\/wp\/v2\/posts"}],"about":[{"href":"https:\/\/blogs.avui.cat\/jaumepubill\/wp-json\/wp\/v2\/types\/post"}],"author":[{"embeddable":true,"href":"https:\/\/blogs.avui.cat\/jaumepubill\/wp-json\/wp\/v2\/users\/214"}],"replies":[{"embeddable":true,"href":"https:\/\/blogs.avui.cat\/jaumepubill\/wp-json\/wp\/v2\/comments?post=209"}],"version-history":[{"count":0,"href":"https:\/\/blogs.avui.cat\/jaumepubill\/wp-json\/wp\/v2\/posts\/209\/revisions"}],"wp:attachment":[{"href":"https:\/\/blogs.avui.cat\/jaumepubill\/wp-json\/wp\/v2\/media?parent=209"}],"wp:term":[{"taxonomy":"category","embeddable":true,"href":"https:\/\/blogs.avui.cat\/jaumepubill\/wp-json\/wp\/v2\/categories?post=209"},{"taxonomy":"post_tag","embeddable":true,"href":"https:\/\/blogs.avui.cat\/jaumepubill\/wp-json\/wp\/v2\/tags?post=209"}],"curies":[{"name":"wp","href":"https:\/\/api.w.org\/{rel}","templated":true}]}}