{"id":207,"date":"2009-01-13T19:47:19","date_gmt":"2009-01-13T18:47:19","guid":{"rendered":"http:\/\/blogs.avui.cat\/jaumepubill\/2009\/01\/13\/lismi-feta-la-llei-feta-la-trampa\/"},"modified":"2009-01-13T19:47:19","modified_gmt":"2009-01-13T18:47:19","slug":"lismi-feta-la-llei-feta-la-trampa","status":"publish","type":"post","link":"https:\/\/blogs.avui.cat\/jaumepubill\/2009\/01\/13\/lismi-feta-la-llei-feta-la-trampa\/","title":{"rendered":"LISMI: Feta la llei, feta la trampa"},"content":{"rendered":"<h3>La Llei d\u2019Integraci\u00f3 Social dels Minusv\u00e0lids (LISMI)<\/h3>\n<p>&#160;<\/p>\n<p>&#160;<img loading=\"lazy\" decoding=\"async\" height=\"148\" src=\"http:\/\/tbn0.google.com\/images?q=tbn:-y2846HJLIjLjM:http:\/\/www.cugat.cat\/fotos\/cadira-rodes.jpg\" width=\"133\" \/> <\/p>\n<p>Des de fa 26 anys existeix una llei que pret\u00e9n, entre d\u2019altres objectius, impulsar i fomentar la integraci\u00f3 laboral de persones discapacitades. Es tracta de la LISMI (Llei de Integraci\u00f3 Social dels Minusv\u00e0lids, Llei 13\/1982 del 7 d\u2019abril), que estableix per les empreses p\u00fabliques i privades, amb una plantilla superior als 50 treballadors, la obligaci\u00f3 de contractar a un nombre de treballadors discapacitats no inferior al 2%. <\/p>\n<p>Tot i l\u2019exist\u00e8ncia d\u2019aquesta normativa, actualment s\u00f3n molt poques les empreses que compleixen amb aquesta obligaci\u00f3 legal. \u00c9s per aix\u00f2, que a l\u2019any 2000, amb l\u2019objectiu de facilitar a les empreses el compliment d\u2019aquesta obligaci\u00f3, es van establir una s\u00e8rie de mesures de car\u00e0cter excepcional a la LISMI que estan recollides al Real Decret 27\/2000 del 14 de gener.<\/p>\n<p>L\u2019article 49 de la Constituci\u00f3 Espanyola va suposar el primer esgla\u00f3 legislatiu per la integraci\u00f3 social dels minusv\u00e0lids posat que coincideix com a mandat directe als poder p\u00fablics, fent obligat\u00f2ria una pol\u00edtica de previsi\u00f3, tractament, rehabilitaci\u00f3 i integraci\u00f3 dels disminu\u00efts f\u00edsics, sensorials i ps\u00edquics, als que donaran l\u2019atenci\u00f3 especialitzada que requereixen. L\u2019objectiu \u00faltim \u00e9s que les persones amb discapacitat puguin beneficiar-se de tots els drets constitucionals igual que la resta dels ciutadans, incl\u00f2s el dret al treball que est\u00e0 reconegut a l\u2019article 35 de la Constituci\u00f3 Espanyola. <\/p>\n<p>Aquest mandat constitucional, va culminar en l\u2019\u00e0mbit legislatiu, amb la publicaci\u00f3 de la Llei 13\/1982 del 7 d\u2019abril, de Integraci\u00f3 Social de Minusv\u00e0lids, coneguda col\u00b7loquialment com la LISMI. <\/p>\n<p>Els principis generals d\u2019aquesta llei es basen en garantir la completa realitzaci\u00f3 personal i la total integraci\u00f3 social dels disminu\u00efts.<\/p>\n<\/p>\n<p>De qu\u00e8 serveixen les lleis si despr\u00e9s no es compleixen i ning\u00fa s\u2019encarrega de fer-les complir?<\/p>\n<div>Etiquetes de Technorati: <a href=\"http:\/\/technorati.com\/tags\/Minusv%c3%a0lids\" rel=\"tag\">Minusv&#224;lids<\/a>,<a href=\"http:\/\/technorati.com\/tags\/LISMI\" rel=\"tag\">LISMI<\/a><\/div>\n","protected":false},"excerpt":{"rendered":"<p>La Llei d\u2019Integraci\u00f3 Social dels Minusv\u00e0lids (LISMI) &#160; &#160; Des de fa 26 anys existeix una llei que pret\u00e9n, entre d\u2019altres objectius, impulsar i fomentar la integraci\u00f3 laboral de persones discapacitades. Es tracta de la LISMI (Llei de Integraci\u00f3 Social dels Minusv\u00e0lids, Llei 13\/1982 del 7 d\u2019abril), que estableix per les empreses p\u00fabliques i privades, [&hellip;]<\/p>\n","protected":false},"author":214,"featured_media":0,"comment_status":"open","ping_status":"open","sticky":false,"template":"","format":"standard","meta":{"_jetpack_memberships_contains_paid_content":false,"footnotes":"","jetpack_publicize_message":"","jetpack_publicize_feature_enabled":true,"jetpack_social_post_already_shared":false,"jetpack_social_options":{"image_generator_settings":{"template":"highway","default_image_id":0,"font":"","enabled":false},"version":2}},"categories":[],"tags":[3216],"class_list":["post-207","post","type-post","status-publish","format-standard","hentry","tag-lismi"],"jetpack_publicize_connections":[],"jetpack_featured_media_url":"","jetpack_shortlink":"https:\/\/wp.me\/pagkjs-3l","jetpack-related-posts":[],"jetpack_sharing_enabled":true,"_links":{"self":[{"href":"https:\/\/blogs.avui.cat\/jaumepubill\/wp-json\/wp\/v2\/posts\/207","targetHints":{"allow":["GET"]}}],"collection":[{"href":"https:\/\/blogs.avui.cat\/jaumepubill\/wp-json\/wp\/v2\/posts"}],"about":[{"href":"https:\/\/blogs.avui.cat\/jaumepubill\/wp-json\/wp\/v2\/types\/post"}],"author":[{"embeddable":true,"href":"https:\/\/blogs.avui.cat\/jaumepubill\/wp-json\/wp\/v2\/users\/214"}],"replies":[{"embeddable":true,"href":"https:\/\/blogs.avui.cat\/jaumepubill\/wp-json\/wp\/v2\/comments?post=207"}],"version-history":[{"count":0,"href":"https:\/\/blogs.avui.cat\/jaumepubill\/wp-json\/wp\/v2\/posts\/207\/revisions"}],"wp:attachment":[{"href":"https:\/\/blogs.avui.cat\/jaumepubill\/wp-json\/wp\/v2\/media?parent=207"}],"wp:term":[{"taxonomy":"category","embeddable":true,"href":"https:\/\/blogs.avui.cat\/jaumepubill\/wp-json\/wp\/v2\/categories?post=207"},{"taxonomy":"post_tag","embeddable":true,"href":"https:\/\/blogs.avui.cat\/jaumepubill\/wp-json\/wp\/v2\/tags?post=207"}],"curies":[{"name":"wp","href":"https:\/\/api.w.org\/{rel}","templated":true}]}}