{"id":204,"date":"2009-01-09T21:42:55","date_gmt":"2009-01-09T20:42:55","guid":{"rendered":"http:\/\/blogs.avui.cat\/jaumepubill\/2009\/01\/09\/zapatero-i-la-mona-lisa\/"},"modified":"2009-01-09T21:42:55","modified_gmt":"2009-01-09T20:42:55","slug":"zapatero-i-la-mona-lisa","status":"publish","type":"post","link":"https:\/\/blogs.avui.cat\/jaumepubill\/2009\/01\/09\/zapatero-i-la-mona-lisa\/","title":{"rendered":"Zapatero i la Mona Lisa"},"content":{"rendered":"<h3><img decoding=\"async\" src=\"http:\/\/tbn0.google.com\/images?q=tbn:ykwMzqtnnnLylM:http:\/\/pauet.blogsome.com\/images\/gioconda.jpeg\" \/>&#160;<\/h3>\n<p>Fa una temporada que alg\u00fa feia notar el fet que el Govern defens\u00e9s la utilitzaci\u00f3 del terme \u201cpersones amb discapacitat ps\u00edquica\u201d en lloc del terme \u201cdisminu\u00efts ps\u00edquics\u201d; terme que en si mateix \u00e9s un eufemisme passat de moda per dir \u201cretardat mental\u201d, que al mateix temps servia per dir el que en temps anteriors es deia \u201csubnormal\u201d.<\/p>\n<p>Potser m\u00e9s d\u2019un haur\u00e0 agra\u00eft aquest canvi de noms. Per\u00f2 nom\u00e9s amb el canvi de noms no farem gran cosa. Si el Govern \u2013i els Governs auton\u00f2mics- nom\u00e9s van a visitar el diccionari de la&#160; Reial Acad\u00e8mia i no aixafen la pols del carrer, de poc servir\u00e0 tot plegat. En aix\u00f2, com en moltes altres coses el PSOE del \u201ctalante\u201d revela que darrere del \u201ctalante\u201d no hi ha gran cosa m\u00e9s. Les ajudes socials als discapacitats i als Centres que es dediquen a aquest col\u00b7lectiu, poc se\u2019ls ajuda. I, a m\u00e9s, les ajudes arriben tard. Les ajudes als vells i velles que tenen pensions de mis\u00e8ria els les hi augmentaran quan ja cre\u00efn malves al cementiri. Quan ja siguin \u201cdiscapacitats vitals\u201d, un eufemisme que podr\u00edem fer servir per dir \u201cmorts i enterrats\u201d<\/p>\n<p>Zapatero somriu i el seu somriure \u00e9s tan enigm\u00e0tic com el somriure de la Mona Lisa. Li deuen aconsellar: \u201cSonrie, que algo queda\u201d. \u201cPromete, que las promesas se las lleva el viento\u201d. M\u00e9s o menys com amb el tema actual del finan\u00e7ament de Catalunya.<\/p>\n<p>Fa un parell d\u2019anys que, amb un somriure a flor de llavis, va dir tamb\u00e9 que la classe pol\u00edtica renunci\u00e9s als t\u00edtols honor\u00edfics. Hauria estat millor que aquesta mateixa classe pol\u00edtica hagu\u00e9s renunciat a part dels sous elevad\u00edssims, a cotxes oficials, a resid\u00e8ncies de luxe i a despatxos de fustes ex\u00f2tiques car\u00edssimes.<\/p>\n<p>I si no ha va saber fer llavors, ho podrien fer ara aprofitant l\u2019excusa que hi ha una forta crisi. Fins i tot quedarien com uns senyors!<\/p>\n<div>Etiquetes de Technorati: <a href=\"http:\/\/technorati.com\/tags\/Discapacitats\" rel=\"tag\">Discapacitats<\/a>,<a href=\"http:\/\/technorati.com\/tags\/Ajudes+socials\" rel=\"tag\">Ajudes socials<\/a><\/div>\n","protected":false},"excerpt":{"rendered":"<p>&#160; Fa una temporada que alg\u00fa feia notar el fet que el Govern defens\u00e9s la utilitzaci\u00f3 del terme \u201cpersones amb discapacitat ps\u00edquica\u201d en lloc del terme \u201cdisminu\u00efts ps\u00edquics\u201d; terme que en si mateix \u00e9s un eufemisme passat de moda per dir \u201cretardat mental\u201d, que al mateix temps servia per dir el que en temps anteriors [&hellip;]<\/p>\n","protected":false},"author":214,"featured_media":0,"comment_status":"open","ping_status":"open","sticky":false,"template":"","format":"standard","meta":{"_jetpack_memberships_contains_paid_content":false,"footnotes":"","jetpack_publicize_message":"","jetpack_publicize_feature_enabled":true,"jetpack_social_post_already_shared":false,"jetpack_social_options":{"image_generator_settings":{"template":"highway","default_image_id":0,"font":"","enabled":false},"version":2}},"categories":[2898],"tags":[3128],"class_list":["post-204","post","type-post","status-publish","format-standard","hentry","category-discapacitats","tag-ajudes-socials"],"jetpack_publicize_connections":[],"jetpack_featured_media_url":"","jetpack_shortlink":"https:\/\/wp.me\/pagkjs-3i","jetpack-related-posts":[],"jetpack_sharing_enabled":true,"_links":{"self":[{"href":"https:\/\/blogs.avui.cat\/jaumepubill\/wp-json\/wp\/v2\/posts\/204","targetHints":{"allow":["GET"]}}],"collection":[{"href":"https:\/\/blogs.avui.cat\/jaumepubill\/wp-json\/wp\/v2\/posts"}],"about":[{"href":"https:\/\/blogs.avui.cat\/jaumepubill\/wp-json\/wp\/v2\/types\/post"}],"author":[{"embeddable":true,"href":"https:\/\/blogs.avui.cat\/jaumepubill\/wp-json\/wp\/v2\/users\/214"}],"replies":[{"embeddable":true,"href":"https:\/\/blogs.avui.cat\/jaumepubill\/wp-json\/wp\/v2\/comments?post=204"}],"version-history":[{"count":0,"href":"https:\/\/blogs.avui.cat\/jaumepubill\/wp-json\/wp\/v2\/posts\/204\/revisions"}],"wp:attachment":[{"href":"https:\/\/blogs.avui.cat\/jaumepubill\/wp-json\/wp\/v2\/media?parent=204"}],"wp:term":[{"taxonomy":"category","embeddable":true,"href":"https:\/\/blogs.avui.cat\/jaumepubill\/wp-json\/wp\/v2\/categories?post=204"},{"taxonomy":"post_tag","embeddable":true,"href":"https:\/\/blogs.avui.cat\/jaumepubill\/wp-json\/wp\/v2\/tags?post=204"}],"curies":[{"name":"wp","href":"https:\/\/api.w.org\/{rel}","templated":true}]}}