{"id":2022,"date":"2010-11-20T15:01:00","date_gmt":"2010-11-20T14:01:00","guid":{"rendered":"http:\/\/blogs.avui.cat\/jaumepubill\/?p=2022"},"modified":"2010-11-20T15:01:00","modified_gmt":"2010-11-20T14:01:00","slug":"franco-35-anys-desprs","status":"publish","type":"post","link":"https:\/\/blogs.avui.cat\/jaumepubill\/2010\/11\/20\/franco-35-anys-desprs\/","title":{"rendered":"Franco, 35 anys despr&eacute;s&hellip;"},"content":{"rendered":"<p align=\"justify\"><img data-recalc-dims=\"1\" loading=\"lazy\" decoding=\"async\" style=\"margin: 0px 28px 0px 0px;float: left\" align=\"left\" src=\"https:\/\/i0.wp.com\/www.cronica.cat\/imagenes\/1\/165\/165\/archivos\/noticias\/esquelafranco%5B1%5D.jpg?resize=241%2C241\" width=\"241\" height=\"241\" \/>Ja sabem que hi han nost\u00e0lgics i, d\u2019alguna manera, tots ens en tornem quan ens anem fent grans i recordem coses de la nostra inf\u00e0ncia. Per\u00f2 s\u2019ent\u00e9n que sentim nost\u00e0lgia de les coses bones i dels bons records i ja no s\u2019ent\u00e9n massa que encara hi hagi nost\u00e0lgics de personatges tan tr\u00e0gics com Franco, Pinochet, Hitler, etc<\/p>\n<p align=\"justify\">I s\u2019ent\u00e9n menys encara que diaris com\u201cEl Mundo\u201d publiquin avui, 35 anys despr\u00e9s de la mort del dictador, una esquela-recordatori del XXXV\u00e8 aniversari de la mort de<strong> Francisco Franco Bahamonde<\/strong>, que coincideix amb l&#8217;aniversari de la mort del fundador de la Falange, <strong>Jos\u00e9 Antonio Primo de Rivera<\/strong>.<\/p>\n<p align=\"justify\">I posats a no entendre res, entenc encara menys que a hores d\u2019ara la <strong>Confederaci\u00f3n Nacional de Combatientes<\/strong> (ja no s\u00f3n Ex. Segueixen essent Combatientes) i algunes altres organitzacions pol\u00edtiques (molt minorit\u00e0ries, aix\u00f2 s\u00ed) segueixen \u201chonorant\u201d (\u00e9s un dir, ja m\u2019enteneu) la mem\u00f2ria del \u201canterior Jefe de Estado, Caudillo por la gracia de Dios\u201d.<\/p>\n<p align=\"justify\">Simplement vull dir que no entenc que encara hi hagi diaris que volen ser seriosos (altra cosa \u00e9s que ho aconsegueixin) difonguin i amplifiquin aquest tipus de coses. Vol dir que encara vivim a la lluna; o que encara queden molts fatxes encoberts; o que no hem sabut explicar b\u00e9 les coses en aquests 35 anys de democr\u00e0cia; o que aquesta democr\u00e0cia no \u00e9s tal i l\u2019haur\u00edem de deixar en pseudo-democr\u00e0cia, tirant llarg.<\/p>\n<p align=\"justify\">I posats a demanar, aix\u00ed com el Codi Penal castiga certs tipus d\u2019apologies, potser n\u2019hi podr\u00edem afegir algunes altres. Com aquesta, per exemple. I a diaris que publiquin aquestes coses potser que els comenc\u00e9ssim a negar el pa i la sal i que les subvencions que reben passessin de llarg si no s\u00f3n capa\u00e7os de respectar certs principis. Almenys \u00e9s aix\u00ed com jo ho veig.<\/p>\n","protected":false},"excerpt":{"rendered":"<p>Ja sabem que hi han nost\u00e0lgics i, d\u2019alguna manera, tots ens en tornem quan ens anem fent grans i recordem coses de la nostra inf\u00e0ncia. Per\u00f2 s\u2019ent\u00e9n que sentim nost\u00e0lgia de les coses bones i dels bons records i ja no s\u2019ent\u00e9n massa que encara hi hagi nost\u00e0lgics de personatges tan tr\u00e0gics com Franco, Pinochet, [&hellip;]<\/p>\n","protected":false},"author":214,"featured_media":0,"comment_status":"open","ping_status":"closed","sticky":false,"template":"","format":"standard","meta":{"_jetpack_memberships_contains_paid_content":false,"footnotes":"","jetpack_publicize_message":"","jetpack_publicize_feature_enabled":true,"jetpack_social_post_already_shared":false,"jetpack_social_options":{"image_generator_settings":{"template":"highway","default_image_id":0,"font":"","enabled":false},"version":2}},"categories":[2529,81,172],"tags":[31896,31822,31828],"class_list":["post-2022","post","type-post","status-publish","format-standard","hentry","category-franco","category-mitjans-de-comunicacio","category-politica","tag-franco","tag-mitjans-de-comunicacio","tag-politica"],"jetpack_publicize_connections":[],"jetpack_featured_media_url":"","jetpack_shortlink":"https:\/\/wp.me\/pagkjs-wC","jetpack-related-posts":[],"jetpack_sharing_enabled":true,"_links":{"self":[{"href":"https:\/\/blogs.avui.cat\/jaumepubill\/wp-json\/wp\/v2\/posts\/2022","targetHints":{"allow":["GET"]}}],"collection":[{"href":"https:\/\/blogs.avui.cat\/jaumepubill\/wp-json\/wp\/v2\/posts"}],"about":[{"href":"https:\/\/blogs.avui.cat\/jaumepubill\/wp-json\/wp\/v2\/types\/post"}],"author":[{"embeddable":true,"href":"https:\/\/blogs.avui.cat\/jaumepubill\/wp-json\/wp\/v2\/users\/214"}],"replies":[{"embeddable":true,"href":"https:\/\/blogs.avui.cat\/jaumepubill\/wp-json\/wp\/v2\/comments?post=2022"}],"version-history":[{"count":0,"href":"https:\/\/blogs.avui.cat\/jaumepubill\/wp-json\/wp\/v2\/posts\/2022\/revisions"}],"wp:attachment":[{"href":"https:\/\/blogs.avui.cat\/jaumepubill\/wp-json\/wp\/v2\/media?parent=2022"}],"wp:term":[{"taxonomy":"category","embeddable":true,"href":"https:\/\/blogs.avui.cat\/jaumepubill\/wp-json\/wp\/v2\/categories?post=2022"},{"taxonomy":"post_tag","embeddable":true,"href":"https:\/\/blogs.avui.cat\/jaumepubill\/wp-json\/wp\/v2\/tags?post=2022"}],"curies":[{"name":"wp","href":"https:\/\/api.w.org\/{rel}","templated":true}]}}