{"id":196,"date":"2009-01-03T10:18:37","date_gmt":"2009-01-03T09:18:37","guid":{"rendered":"http:\/\/blogs.avui.cat\/jaumepubill\/2009\/01\/03\/els-primers-4-catalans-de-2009\/"},"modified":"2009-04-07T14:03:42","modified_gmt":"2009-04-07T13:03:42","slug":"els-primers-4-catalans-de-2009","status":"publish","type":"post","link":"https:\/\/blogs.avui.cat\/jaumepubill\/2009\/01\/03\/els-primers-4-catalans-de-2009\/","title":{"rendered":"Els primers 4 catalans de 2009."},"content":{"rendered":"<p><img decoding=\"async\" src=\"http:\/\/tbn1.google.com\/images?q=tbn:QQMFU4FALwPrEM:http:\/\/vanguard.gameamp.com\/modules\/info\/uploads\/race_128.png\" \/>El primer nad\u00f3 de l&#8217;any \u00e9s diu Laia en homenatge a Barcelona, la ciutat d&#8217;escollida dels seus pares, Enrique Broggy i Izabela Armesto, tots dos procedents d&#8217;Uruguai i residents a la capital catalana des de fa quatre anys i mig, segons han explicat ells mateixos aquest primer d&#8217;any a l&#8217;Hospital de Sant Pau, on ha nascut la primera catalana del 2009.La nena es diu Laia en homenatge a la capital catalana, que va tenir durant molts anys a Santa Eul\u00e0lia com a patrona, abans que pass\u00e9s a ser l&#8217;actual Mare de D\u00e9u de la Merc\u00e8. A banda d&#8217;escollir-lo perqu\u00e8 \u00e9s un nom molt &#8220;dol\u00e7&#8221;, a parer de la mare, tamb\u00e9 \u00e9s un gest d&#8217;estimaci\u00f3 a la ciutat d&#8217;acollida, de la qual els pares de la primera catalana es confessen &#8220;enamorats&#8221; i &#8220;molt integrats&#8221;.A banda de la Laia, el primer beb\u00e8 de Girona, Angely, \u00e9s filla d&#8217;una parella colombiana, mentre que la primera criatura nascuda a Tarragona, Hayam, t\u00e9 pares d&#8217;origen algeri\u00e0, i el primer lleidat\u00e0 del 2009, Adam, \u00e9s fill d&#8217;un matrimoni d&#8217;origen marroqu\u00ed.La not\u00edcia, en s\u00ed mateixa, no hauria de ser not\u00edcia en un pa\u00eds normal. I s\u00ed que ho haurien de ser els molts comentaris racistes, poca-soltes i imb\u00e8cils que he llegit als diaris.Estem condemnats a ser un pa\u00eds anormal i ple d\u2019estults tota la vida? Estem condemnats a no entendre\u2019ns mai a la vida, els d&#8217;aqu\u00ed i els que arriben? Hem de posar al mateix calaix a tothom? No som prou intel\u00b7ligents per entendre d\u2019una vegada all\u00f2 tan assenyat que deia en Pujol que \u201cs\u00f3n catalans tots els que viuen i treballen a Catalunya\u201d. O all\u00f2 altre que deia sempre la mare d\u2019en Serrat, que era aragonesa: \u201cLa meva p\u00e0tria \u00e9s all\u00e0 on el meu marit treballa i el lloc que ens d\u00f3na de menjar\u201d?Potser ens caldria llegir a tots el llibre d\u2019entrevistes de l\u2019escriptor i periodista <strong>V\u00edctor Alexandre<\/strong> ,\u201d<strong><em>Nosaltres, els catalans\u201d<\/em> (P\u00f2rtic)<\/strong>, on recull testimonis de catalans nascuts a l\u2019estranger per\u00f2 plenament integrats al pa\u00eds. L\u2019autor ha volgut destacar que a l\u2019hora de triar els protagonistes del seu llibre no va buscar una uniformitat ideol\u00f2gica per\u00f2 s\u00ed una voluntat de formar part de la societat on han triat viure. En aquest sentit, Alexandre ha advertit: \u201cPrefereixo molts catalans no nascuts aqu\u00ed als que tenen dos cognoms de soca-rel per\u00f2 tamb\u00e9 molt d\u2019auto-odi\u201d. En aquest sentit, l\u2019autor s\u2019ha mostrat desacomplexadament a favor que algun dia \u201cCatalunya tingui un president senegal\u00e8s\u201d.L\u2019editor Isidor C\u00f2nsul ha destacat la \u201cnecessitat\u201d d\u2019un llibre \u201cque m\u2019estranya que no hagu\u00e9ssim fet abans\u201d i Mathew Tree ha volgut cridar l\u2019atenci\u00f3 sobre el fet que \u201cel llibre apunta a una possible soluci\u00f3 contra el racisme\u201d. Segons Tree, \u201ca Catalunya hi ha bastant de racisme, com gaireb\u00e9 a tot arreu, per\u00f2 Catalunya no t\u00e9 una tradici\u00f3 arrelada d\u2019identitat \u00e8tnica. Catalunya \u00e9s societat de barreja i amb llibres com aquest es pot fer molta pedagogia. A Anglaterra, per exemple, seria impossible editar un llibre semblant titulat We, the english\u201d.El conjunt dels entrevistats al llibre s\u00f3n: Patr\u00edcia Gabancho (Argentina), Najat El Hachmi (Marroc), Sam Abrams (Estats Units), Matthew Tree (Anglaterra), Asha Mir\u00f3 (\u00cdndia), Txiki Begiristain (Euskal Herria), Mbaye Gaye (Senegal), Sachimi Sasaki (Jap\u00f3), Cathy Sweeney (Irlanda), Pius Alibek (Iraq), Klaus-J\u00fcrgen Nagel (Alemanya), Adriana Gil (M\u00e8xic), Mia Ramondt (Holanda), Salah Jamal (Palestina), Gabrielle Deakin (Austr\u00e0lia), Llu\u00eds Cabrera (Espanya), Cillie Motzfeldt (Noruega), Raimundo Viejo (Gal\u00edcia), Saoka KingoloLa Catalunya que ens espera, la real \u2013tant si volem com si no volem- ser\u00e0 una Catalunya diversa i rica en la mateixa diversitat. Aix\u00f2 s\u00ed: haurem de demanar a les nostres autoritats que siguin capa\u00e7os de crear aquest fil integrador que ens lligui a tots i, si cal, ser ferms davant de tots els intents que, un dia s\u00ed i l\u2019altre tamb\u00e9, faran des de Madrid per tal que no puguem fer les necess\u00e0ries pol\u00edtiques integradores que inevitablement s\u2019hauran de fer.I \u00e9s aqu\u00ed on jo comen\u00e7o a tenir els meus dubtes, veient com van les coses i veient la debilitat en la que ens estem establint.Etiquetes de Technorati: <a href=\"http:\/\/technorati.com\/tags\/Catalunya\" rel=\"tag\">Catalunya<\/a>,<a href=\"http:\/\/technorati.com\/tags\/Racisme\" rel=\"tag\">Racisme<\/a>,<a href=\"http:\/\/technorati.com\/tags\/Pol%c3%adtica\" rel=\"tag\">Pol\u00edtica<\/a><\/p>\n","protected":false},"excerpt":{"rendered":"<p>El primer nad\u00f3 de l&#8217;any \u00e9s diu Laia en homenatge a Barcelona, la ciutat d&#8217;escollida dels seus pares, Enrique Broggy i Izabela Armesto, tots dos procedents d&#8217;Uruguai i residents a la capital catalana des de fa quatre anys i mig, segons han explicat ells mateixos aquest primer d&#8217;any a l&#8217;Hospital de Sant Pau, on ha [&hellip;]<\/p>\n","protected":false},"author":214,"featured_media":0,"comment_status":"open","ping_status":"open","sticky":false,"template":"","format":"standard","meta":{"_jetpack_memberships_contains_paid_content":false,"footnotes":"","jetpack_publicize_message":"","jetpack_publicize_feature_enabled":true,"jetpack_social_post_already_shared":false,"jetpack_social_options":{"image_generator_settings":{"template":"highway","default_image_id":0,"font":"","enabled":false},"version":2}},"categories":[877],"tags":[],"class_list":["post-196","post","type-post","status-publish","format-standard","hentry","category-catalunya"],"jetpack_publicize_connections":[],"jetpack_featured_media_url":"","jetpack_shortlink":"https:\/\/wp.me\/pagkjs-3a","jetpack-related-posts":[],"jetpack_sharing_enabled":true,"_links":{"self":[{"href":"https:\/\/blogs.avui.cat\/jaumepubill\/wp-json\/wp\/v2\/posts\/196","targetHints":{"allow":["GET"]}}],"collection":[{"href":"https:\/\/blogs.avui.cat\/jaumepubill\/wp-json\/wp\/v2\/posts"}],"about":[{"href":"https:\/\/blogs.avui.cat\/jaumepubill\/wp-json\/wp\/v2\/types\/post"}],"author":[{"embeddable":true,"href":"https:\/\/blogs.avui.cat\/jaumepubill\/wp-json\/wp\/v2\/users\/214"}],"replies":[{"embeddable":true,"href":"https:\/\/blogs.avui.cat\/jaumepubill\/wp-json\/wp\/v2\/comments?post=196"}],"version-history":[{"count":0,"href":"https:\/\/blogs.avui.cat\/jaumepubill\/wp-json\/wp\/v2\/posts\/196\/revisions"}],"wp:attachment":[{"href":"https:\/\/blogs.avui.cat\/jaumepubill\/wp-json\/wp\/v2\/media?parent=196"}],"wp:term":[{"taxonomy":"category","embeddable":true,"href":"https:\/\/blogs.avui.cat\/jaumepubill\/wp-json\/wp\/v2\/categories?post=196"},{"taxonomy":"post_tag","embeddable":true,"href":"https:\/\/blogs.avui.cat\/jaumepubill\/wp-json\/wp\/v2\/tags?post=196"}],"curies":[{"name":"wp","href":"https:\/\/api.w.org\/{rel}","templated":true}]}}