{"id":1569,"date":"2010-10-27T22:20:59","date_gmt":"2010-10-27T21:20:59","guid":{"rendered":"http:\/\/blogs.avui.cat\/jaumepubill\/?p=1569"},"modified":"2010-10-27T22:20:59","modified_gmt":"2010-10-27T21:20:59","slug":"joan-sol-un-home-ntegre","status":"publish","type":"post","link":"https:\/\/blogs.avui.cat\/jaumepubill\/2010\/10\/27\/joan-sol-un-home-ntegre\/","title":{"rendered":"Joan Sol&agrave;: Un home &iacute;ntegre."},"content":{"rendered":"<p align=\"justify\"><img decoding=\"async\" style=\"margin: 0px 13px 0px 0px;float: left\" align=\"left\" src=\"http:\/\/t0.gstatic.com\/images?q=tbn:ANd9GcSb-J6y0wpPMCvfgp5XDx7jJCPo1sitrGlPYk9vRQ2ffUVD4a4&amp;t=1&amp;usg=__5Ka-X51fSMCaPBYy5FMIpqIJ-RM=\" \/>Se\u2019ns ha mort Joan Sol\u00e0. Ser\u00e0 veritat que sempre es moren els millors?. Fa ben pocs dies que s\u2019havia acomiadat dels lectors del diari Avui, en el que hi col\u00b7laborava des de l\u2019any 1991.<\/p>\n<p align=\"justify\">En aquest darrer article deia algunes coses interessants:<\/p>\n<p align=\"justify\">\u201cAvui, fruit d\u2019aquest exercici    <br \/>d\u2019anys, estic completament conven\u00e7ut     <br \/>de dues coses: primera, que si     <br \/>una llengua no ens serveix per     <br \/>crear-hi comunicaci\u00f3 i bellesa, \u00bfde     <br \/>qu\u00e8 ens serveix?, no t\u00e9 futur; i segona,     <br \/>del lligam inextricable entre poble,     <br \/>individu i llengua: una llengua     <br \/>no pot ser digna i mantenir-se si qui     <br \/>la parla no viu amb dignitat i confian\u00e7a     <br \/>i si el poble que la t\u00e9 com a patrimoni     <br \/>no \u00e9s lliure sin\u00f3 que viu subjugat,     <br \/>com nosaltres, durant segles     <br \/>a un Estat que sempre ens ha sigut     <br \/>hostil. No s\u00f3n poca cosa, doncs, els     <br \/>guanys.\u201d<\/p>\n<p align=\"justify\">El trobarem a faltar, em sembla. Homes com ell sempre es troben a faltar. Era un home humil i un gran ling\u00fcista. I una bona persona, pel que expliquen els seus amics. Que \u00e9s el m\u00e9s important.<\/p>\n","protected":false},"excerpt":{"rendered":"<p>Se\u2019ns ha mort Joan Sol\u00e0. Ser\u00e0 veritat que sempre es moren els millors?. Fa ben pocs dies que s\u2019havia acomiadat dels lectors del diari Avui, en el que hi col\u00b7laborava des de l\u2019any 1991. En aquest darrer article deia algunes coses interessants: \u201cAvui, fruit d\u2019aquest exercici d\u2019anys, estic completament conven\u00e7ut de dues coses: primera, que [&hellip;]<\/p>\n","protected":false},"author":214,"featured_media":0,"comment_status":"open","ping_status":"closed","sticky":false,"template":"","format":"standard","meta":{"_jetpack_memberships_contains_paid_content":false,"footnotes":"","jetpack_publicize_message":"","jetpack_publicize_feature_enabled":true,"jetpack_social_post_already_shared":false,"jetpack_social_options":{"image_generator_settings":{"template":"highway","default_image_id":0,"font":"","enabled":false},"version":2}},"categories":[4651],"tags":[31934],"class_list":["post-1569","post","type-post","status-publish","format-standard","hentry","category-joan-sola","tag-joan-sola"],"jetpack_publicize_connections":[],"jetpack_featured_media_url":"","jetpack_shortlink":"https:\/\/wp.me\/pagkjs-pj","jetpack-related-posts":[],"jetpack_sharing_enabled":true,"_links":{"self":[{"href":"https:\/\/blogs.avui.cat\/jaumepubill\/wp-json\/wp\/v2\/posts\/1569","targetHints":{"allow":["GET"]}}],"collection":[{"href":"https:\/\/blogs.avui.cat\/jaumepubill\/wp-json\/wp\/v2\/posts"}],"about":[{"href":"https:\/\/blogs.avui.cat\/jaumepubill\/wp-json\/wp\/v2\/types\/post"}],"author":[{"embeddable":true,"href":"https:\/\/blogs.avui.cat\/jaumepubill\/wp-json\/wp\/v2\/users\/214"}],"replies":[{"embeddable":true,"href":"https:\/\/blogs.avui.cat\/jaumepubill\/wp-json\/wp\/v2\/comments?post=1569"}],"version-history":[{"count":0,"href":"https:\/\/blogs.avui.cat\/jaumepubill\/wp-json\/wp\/v2\/posts\/1569\/revisions"}],"wp:attachment":[{"href":"https:\/\/blogs.avui.cat\/jaumepubill\/wp-json\/wp\/v2\/media?parent=1569"}],"wp:term":[{"taxonomy":"category","embeddable":true,"href":"https:\/\/blogs.avui.cat\/jaumepubill\/wp-json\/wp\/v2\/categories?post=1569"},{"taxonomy":"post_tag","embeddable":true,"href":"https:\/\/blogs.avui.cat\/jaumepubill\/wp-json\/wp\/v2\/tags?post=1569"}],"curies":[{"name":"wp","href":"https:\/\/api.w.org\/{rel}","templated":true}]}}