{"id":1521,"date":"2010-10-24T10:06:02","date_gmt":"2010-10-24T09:06:02","guid":{"rendered":"http:\/\/blogs.avui.cat\/jaumepubill\/?p=1521"},"modified":"2010-10-24T10:06:02","modified_gmt":"2010-10-24T09:06:02","slug":"llgrimes","status":"publish","type":"post","link":"https:\/\/blogs.avui.cat\/jaumepubill\/2010\/10\/24\/llgrimes\/","title":{"rendered":"Ll&agrave;grimes"},"content":{"rendered":"<p align=\"justify\"><img decoding=\"async\" style=\"margin: 0px 8px 0px 0px;float: left\" align=\"left\" src=\"http:\/\/t2.gstatic.com\/images?q=tbn:ANd9GcSg_vHqojXFAkMPoVx_HyX63L5d6BSQ5QDKHub0gAvbvC_gqho&amp;t=1&amp;usg=__EPY8FcpuGXQAYd0M6Rq-Zaoy0XQ=\" \/>Hi ha diversitat de plors i diversitat de&#160; ll\u00e0grimes. A vegades plorem per fora amb gran ll\u00e0grimes i altres plorem per dins sense vessar ni una sola. Per\u00f2 el plor i el dolor s\u00f3n inevitables i ens acompanyen sovint. I \u00e9s bo que aix\u00ed sigui perqu\u00e8 poder plorar quan hi ha dolor \u00e9s purificador. \u00c9s dolent reprimir les ll\u00e0grimes per no mostrar debilitat quan tots \u2013s\u00ed, tots- som d\u00e8bils davant de moltes situacions a les que ens enfronta la vida.<\/p>\n<p align=\"justify\">Plorar no \u00e9s sin\u00f2nim de debilitat. M\u00e9s aviat \u00e9s propi de persones sensibles, de persones que s\u00f3n i se senten humanes. I, justament perqu\u00e8 s\u00f3n humanes, gaudeixen, sofreixen, riuen i ploren. Cal deixar lloc per al dolor i les ll\u00e0grimes tal com el deixem per al riure, el gaudi i l\u2019alegria.<\/p>\n<p align=\"justify\">Explica la hist\u00f2ria que Boabdil, l\u2019\u00faltim rei moro de Granada, va plorar quan va perdre la ciutat i sortia capcot i trist cap a l\u2019exili. Explica la llegenda que va baixar del cavall i, des d\u2019un tur\u00f3 d\u2019on encara es veia la ciutat, va girar-se i va plorar en veure que havia de deixar aquell parad\u00eds que havia constru\u00eft al llarg dels anys. Va ser llavors quan Aixa, la seva mare, va pronunciar la frase que s\u2019ha fet famosa i que ha arribat fins a nosaltres: \u201cPlora, plora com una dona el que no vas saber defensar com un home\u201d.<\/p>\n<p align=\"justify\">Aqu\u00ed hi ha justament l\u2019error. Els sentiments s\u00f3n propis de dones i d\u2019homes. Com el plorar i el riure. Com el dolor o l\u2019amor. Com la soledat i la buidor. I saber expressar aquests sentiments \u00e9s necessari i n\u2019haur\u00edem d\u2019aprendre tots plegats.<\/p>\n<p align=\"justify\">Plorar tamb\u00e9 \u00e9s propi d\u2019homes i haur\u00edem de saber trobar els moments i els espais que mereixen un silenci interior per plorar, per pensar, per ser m\u00e9s sensibles, per valorar les pr\u00f2pies emocions i la des altres. PER ACOMPANYAR I PER ACOMPANYAR-NOS, que \u00e9s el que necessitem tots per transitar per la vida.<\/p>\n","protected":false},"excerpt":{"rendered":"<p>Hi ha diversitat de plors i diversitat de&#160; ll\u00e0grimes. A vegades plorem per fora amb gran ll\u00e0grimes i altres plorem per dins sense vessar ni una sola. Per\u00f2 el plor i el dolor s\u00f3n inevitables i ens acompanyen sovint. I \u00e9s bo que aix\u00ed sigui perqu\u00e8 poder plorar quan hi ha dolor \u00e9s purificador. \u00c9s [&hellip;]<\/p>\n","protected":false},"author":214,"featured_media":0,"comment_status":"open","ping_status":"closed","sticky":false,"template":"","format":"standard","meta":{"_jetpack_memberships_contains_paid_content":false,"footnotes":"","jetpack_publicize_message":"","jetpack_publicize_feature_enabled":true,"jetpack_social_post_already_shared":false,"jetpack_social_options":{"image_generator_settings":{"template":"highway","default_image_id":0,"font":"","enabled":false},"version":2}},"categories":[3138],"tags":[3341,31916,3511,3512],"class_list":["post-1521","post","type-post","status-publish","format-standard","hentry","category-emocions","tag-dolor","tag-emocions","tag-llagrimes","tag-plor"],"jetpack_publicize_connections":[],"jetpack_featured_media_url":"","jetpack_shortlink":"https:\/\/wp.me\/sagkjs-llgrimes","jetpack-related-posts":[],"jetpack_sharing_enabled":true,"_links":{"self":[{"href":"https:\/\/blogs.avui.cat\/jaumepubill\/wp-json\/wp\/v2\/posts\/1521","targetHints":{"allow":["GET"]}}],"collection":[{"href":"https:\/\/blogs.avui.cat\/jaumepubill\/wp-json\/wp\/v2\/posts"}],"about":[{"href":"https:\/\/blogs.avui.cat\/jaumepubill\/wp-json\/wp\/v2\/types\/post"}],"author":[{"embeddable":true,"href":"https:\/\/blogs.avui.cat\/jaumepubill\/wp-json\/wp\/v2\/users\/214"}],"replies":[{"embeddable":true,"href":"https:\/\/blogs.avui.cat\/jaumepubill\/wp-json\/wp\/v2\/comments?post=1521"}],"version-history":[{"count":0,"href":"https:\/\/blogs.avui.cat\/jaumepubill\/wp-json\/wp\/v2\/posts\/1521\/revisions"}],"wp:attachment":[{"href":"https:\/\/blogs.avui.cat\/jaumepubill\/wp-json\/wp\/v2\/media?parent=1521"}],"wp:term":[{"taxonomy":"category","embeddable":true,"href":"https:\/\/blogs.avui.cat\/jaumepubill\/wp-json\/wp\/v2\/categories?post=1521"},{"taxonomy":"post_tag","embeddable":true,"href":"https:\/\/blogs.avui.cat\/jaumepubill\/wp-json\/wp\/v2\/tags?post=1521"}],"curies":[{"name":"wp","href":"https:\/\/api.w.org\/{rel}","templated":true}]}}