{"id":151,"date":"2008-12-07T23:18:36","date_gmt":"2008-12-07T23:18:36","guid":{"rendered":"http:\/\/blogs.avui.cat\/jaumepubill\/2008\/12\/07\/el-malbaratament-dels-llums-de-nadal\/"},"modified":"2008-12-23T22:33:02","modified_gmt":"2008-12-23T22:33:02","slug":"el-malbaratament-dels-llums-de-nadal","status":"publish","type":"post","link":"https:\/\/blogs.avui.cat\/jaumepubill\/2008\/12\/07\/el-malbaratament-dels-llums-de-nadal\/","title":{"rendered":"El malbaratament dels llums de Nadal"},"content":{"rendered":"<p><a href=\"http:\/\/tbn2.google.com\/images?q=tbn:mmjKG_U38W1VKM:http:\/\/www.orihueladigital.es\/orihuela\/luces_navidad_2006_151206_ok.JPG\"><img decoding=\"async\" border=\"0\" src=\"http:\/\/tbn2.google.com\/images?q=tbn:mmjKG_U38W1VKM:http:\/\/www.orihueladigital.es\/orihuela\/luces_navidad_2006_151206_ok.JPG\" \/><\/a><br \/>\nMoltes persones, -ecologistes o no-, considerem \u00a0que el pla d&#8217;enllumenat nadalenc de la majoria de les ciutats \u00a0suposa un malbaratament social i ecol\u00f2gicament inacceptable, que lluny del suposat esperit nadalenc, intenta reflotar la cultura del consumisme perqu\u00e8 el comer\u00e7 pugui continuar fent caixa.<br \/>\nLes llums d&#8217;aquestes festes costaran 7.557 euros diaris a la ciutadania de Valladolid, 3.600 euros diaris a la d&#8217;Oviedo, un 15% m\u00e9s que l&#8217;any passat a la de Madrid, o un 20% m\u00e9s a la de Barcelona, segons not\u00edcies del diari.Tot aix\u00f2, amb l&#8217;objectiu, inequ\u00edvoc i declarat pels titulars dels ajuntaments, de fomentar el consumisme.\u00a0<br \/>\nLes llums de Nadal d&#8217;enguany abunda en el malbaratament energ\u00e8tic.\u00a0Fins a 30 milions de kWh.\u00a0es dilapidaran, el que suposa unes emissions d&#8217;uns 15 milions de kg.\u00a0de CO2.\u00a0L&#8217;equivalent al consum d&#8217;una ciutat de 100.000 habitants durant un mes.\u00a0Aix\u00f2 s\u00ed, per intentar salvar la cara d&#8217;all\u00f2 pol\u00edticament correcte, les llums que utilitzaran els ajuntaments s\u00f3n de baix consum.<br \/>\nPer\u00f2 el malbaratament va molt m\u00e9s enll\u00e0, ja que aquestes xifres nom\u00e9s es refereixen a la il\u00b7luminaci\u00f3 nadalenca oficial.\u00a0Cal tenir en compte, a m\u00e9s, el desorbitat desplegament de llums nadalenques dels milers de grandes centres comerciales repartits per tota la geografia.\u00a0Es calcula que en els m\u00e9s de mil grans centres comerciales es consumeixen, nom\u00e9s per les llums de Nadal, uns 50 milions de kWh., sense comptar el consum afegit derivat de la gran aflu\u00e8ncia de persones que els visiten.<br \/>\nEl consum el\u00e8ctric de les llums nadalenques est\u00e0 cobert pr\u00e0cticament en la seva totalitat, donat el seu car\u00e0cter extraordinari, per centrals t\u00e8rmiques que generen i emeten tones de CO2 a l&#8217;atmosfera.\u00a0Un regal de Nadal per l&#8217;efecte hivernacle que causa el canvi clim\u00e0tic.\u00a0Limitar la il\u00b7luminaci\u00f3 al per\u00edode nadalenc, \u00e9s a dir, des de Nadal a Reis, suposaria reduir a m\u00e9s de la meitat tot aquest malbaratament.\u00a0Ni tan sols a aquesta mesura semblen disposats els titulars de les corporacions locals, malgrat que seria, sens dubte, ben rebuda.<\/p>\n<p>No podr\u00edem fer res per canviar aquesta realitat? Els ciutadans no haur\u00edem de dir res? Amb aquests KWS quants nens podrien menjar? Quantes vides podr\u00edem salvar als hospitals de l&#8217; \u00c0frica, per exemple?I no em digueu que aix\u00f2 \u00e9s demag\u00f2gia. I si dieu que ho \u00e9s, doncs s\u00f3c demagog.<\/p>\n","protected":false},"excerpt":{"rendered":"<p>Moltes persones, -ecologistes o no-, considerem \u00a0que el pla d&#8217;enllumenat nadalenc de la majoria de les ciutats \u00a0suposa un malbaratament social i ecol\u00f2gicament inacceptable, que lluny del suposat esperit nadalenc, intenta reflotar la cultura del consumisme perqu\u00e8 el comer\u00e7 pugui continuar fent caixa. Les llums d&#8217;aquestes festes costaran 7.557 euros diaris a la ciutadania de [&hellip;]<\/p>\n","protected":false},"author":214,"featured_media":0,"comment_status":"open","ping_status":"open","sticky":false,"template":"","format":"standard","meta":{"_jetpack_memberships_contains_paid_content":false,"footnotes":"","jetpack_publicize_message":"","jetpack_publicize_feature_enabled":true,"jetpack_social_post_already_shared":false,"jetpack_social_options":{"image_generator_settings":{"template":"highway","default_image_id":0,"font":"","enabled":false},"version":2}},"categories":[664,2939],"tags":[31853],"class_list":["post-151","post","type-post","status-publish","format-standard","hentry","category-consumisme","category-recursos","tag-consumisme"],"jetpack_publicize_connections":[],"jetpack_featured_media_url":"","jetpack_shortlink":"https:\/\/wp.me\/pagkjs-2r","jetpack-related-posts":[],"jetpack_sharing_enabled":true,"_links":{"self":[{"href":"https:\/\/blogs.avui.cat\/jaumepubill\/wp-json\/wp\/v2\/posts\/151","targetHints":{"allow":["GET"]}}],"collection":[{"href":"https:\/\/blogs.avui.cat\/jaumepubill\/wp-json\/wp\/v2\/posts"}],"about":[{"href":"https:\/\/blogs.avui.cat\/jaumepubill\/wp-json\/wp\/v2\/types\/post"}],"author":[{"embeddable":true,"href":"https:\/\/blogs.avui.cat\/jaumepubill\/wp-json\/wp\/v2\/users\/214"}],"replies":[{"embeddable":true,"href":"https:\/\/blogs.avui.cat\/jaumepubill\/wp-json\/wp\/v2\/comments?post=151"}],"version-history":[{"count":0,"href":"https:\/\/blogs.avui.cat\/jaumepubill\/wp-json\/wp\/v2\/posts\/151\/revisions"}],"wp:attachment":[{"href":"https:\/\/blogs.avui.cat\/jaumepubill\/wp-json\/wp\/v2\/media?parent=151"}],"wp:term":[{"taxonomy":"category","embeddable":true,"href":"https:\/\/blogs.avui.cat\/jaumepubill\/wp-json\/wp\/v2\/categories?post=151"},{"taxonomy":"post_tag","embeddable":true,"href":"https:\/\/blogs.avui.cat\/jaumepubill\/wp-json\/wp\/v2\/tags?post=151"}],"curies":[{"name":"wp","href":"https:\/\/api.w.org\/{rel}","templated":true}]}}