{"id":1459,"date":"2010-10-16T16:25:57","date_gmt":"2010-10-16T15:25:57","guid":{"rendered":"http:\/\/blogs.avui.cat\/jaumepubill\/2010\/10\/16\/planeta-feli-2\/"},"modified":"2010-10-16T16:25:57","modified_gmt":"2010-10-16T15:25:57","slug":"planeta-feli-2","status":"publish","type":"post","link":"https:\/\/blogs.avui.cat\/jaumepubill\/2010\/10\/16\/planeta-feli-2\/","title":{"rendered":"Planeta feli&ccedil;"},"content":{"rendered":"<p>&#160;<\/p>\n<p align=\"center\"><img data-recalc-dims=\"1\" loading=\"lazy\" decoding=\"async\" style=\"float: none;margin-left: auto;margin-right: auto\" src=\"https:\/\/i0.wp.com\/2.bp.blogspot.com\/_qGvblyDnETI\/TFykd4H86cI\/AAAAAAAAAJs\/PwCD45zZpiQ\/s1600\/planeta_habitable.jpg?resize=177%2C177\" width=\"177\" height=\"177\" \/><\/p>\n<p align=\"center\">Portava dins el cor una bossa de ll\u00e0grimes<\/p>\n<p align=\"center\">que deix\u00e0 anar damunt la seva cara.<\/p>\n<p align=\"center\">Portava riures amagats i esperances marcides<\/p>\n<p align=\"center\">que van anar desvetllant plegats.<\/p>\n<p align=\"center\">Portava tamb\u00e9 una bossa de fruites tropicals<\/p>\n<p align=\"center\">que van menjar tots dos \u00e0vidament.<\/p>\n<p align=\"center\">Portava un munt de somnis despenjats de la lluna<\/p>\n<p align=\"center\">que van contemplar tots dos plegats.<\/p>\n<p align=\"center\">Portava un sac de terra vermella<\/p>\n<p align=\"center\">que ompl\u00ed en els seus viatges al planeta feli\u00e7.<\/p>\n<p align=\"center\">Portava il.lusions, fracassos i una llarga hist\u00f2ria<\/p>\n<p align=\"center\">que ara comparteixen els seus cors ben junts.<\/p>\n<p align=\"center\">I al seu cor hi portava esperan\u00e7a.<\/p>\n<p align=\"center\">I al seu interior hi quedava encara for\u00e7a.<\/p>\n<p align=\"center\">I a la ment molta imaginaci\u00f3.<\/p>\n<p align=\"center\">I, junts, van anar reconstruint lla\u00e7os,<\/p>\n<p align=\"center\">trenant somnis,<\/p>\n<p align=\"center\">i donant-se vida.<\/p>\n","protected":false},"excerpt":{"rendered":"<p>&#160; Portava dins el cor una bossa de ll\u00e0grimes que deix\u00e0 anar damunt la seva cara. Portava riures amagats i esperances marcides que van anar desvetllant plegats. Portava tamb\u00e9 una bossa de fruites tropicals que van menjar tots dos \u00e0vidament. Portava un munt de somnis despenjats de la lluna que van contemplar tots dos plegats. [&hellip;]<\/p>\n","protected":false},"author":214,"featured_media":0,"comment_status":"open","ping_status":"closed","sticky":false,"template":"","format":"standard","meta":{"_jetpack_memberships_contains_paid_content":false,"footnotes":"","jetpack_publicize_message":"","jetpack_publicize_feature_enabled":true,"jetpack_social_post_already_shared":false,"jetpack_social_options":{"image_generator_settings":{"template":"highway","default_image_id":0,"font":"","enabled":false},"version":2}},"categories":[145],"tags":[31825],"class_list":["post-1459","post","type-post","status-publish","format-standard","hentry","category-poesia","tag-poesia"],"jetpack_publicize_connections":[],"jetpack_featured_media_url":"","jetpack_shortlink":"https:\/\/wp.me\/pagkjs-nx","jetpack-related-posts":[],"jetpack_sharing_enabled":true,"_links":{"self":[{"href":"https:\/\/blogs.avui.cat\/jaumepubill\/wp-json\/wp\/v2\/posts\/1459","targetHints":{"allow":["GET"]}}],"collection":[{"href":"https:\/\/blogs.avui.cat\/jaumepubill\/wp-json\/wp\/v2\/posts"}],"about":[{"href":"https:\/\/blogs.avui.cat\/jaumepubill\/wp-json\/wp\/v2\/types\/post"}],"author":[{"embeddable":true,"href":"https:\/\/blogs.avui.cat\/jaumepubill\/wp-json\/wp\/v2\/users\/214"}],"replies":[{"embeddable":true,"href":"https:\/\/blogs.avui.cat\/jaumepubill\/wp-json\/wp\/v2\/comments?post=1459"}],"version-history":[{"count":0,"href":"https:\/\/blogs.avui.cat\/jaumepubill\/wp-json\/wp\/v2\/posts\/1459\/revisions"}],"wp:attachment":[{"href":"https:\/\/blogs.avui.cat\/jaumepubill\/wp-json\/wp\/v2\/media?parent=1459"}],"wp:term":[{"taxonomy":"category","embeddable":true,"href":"https:\/\/blogs.avui.cat\/jaumepubill\/wp-json\/wp\/v2\/categories?post=1459"},{"taxonomy":"post_tag","embeddable":true,"href":"https:\/\/blogs.avui.cat\/jaumepubill\/wp-json\/wp\/v2\/tags?post=1459"}],"curies":[{"name":"wp","href":"https:\/\/api.w.org\/{rel}","templated":true}]}}