{"id":145,"date":"2008-12-06T01:19:34","date_gmt":"2008-12-06T01:19:34","guid":{"rendered":"http:\/\/blogs.avui.cat\/jaumepubill\/2008\/12\/06\/els-colors-de-la-vida-i-de-la-mort\/"},"modified":"2008-12-23T22:35:03","modified_gmt":"2008-12-23T22:35:03","slug":"els-colors-de-la-vida-i-de-la-mort","status":"publish","type":"post","link":"https:\/\/blogs.avui.cat\/jaumepubill\/2008\/12\/06\/els-colors-de-la-vida-i-de-la-mort\/","title":{"rendered":"Els colors de la vida i de la mort."},"content":{"rendered":"<p><img data-recalc-dims=\"1\" loading=\"lazy\" decoding=\"async\" width=\"200\" src=\"https:\/\/i0.wp.com\/www.ddgi.cat\/atles\/imatges\/1135.jpg?resize=200%2C202\" height=\"202\" \/><br \/>\nCAN\u00c7\u00d3 DE BRESSOL<\/p>\n<p>Dorm, Joana. Que el Loverman fosc, tr\u00e0gic,<br \/>\nd\u2019aquell saxo soprano<br \/>\ndel teu germ\u00e0 al consol de Montju\u00efc<br \/>\nt\u2019acompanyi durant l\u2019eternitat<br \/>\npels camins que tan b\u00e9 coneix la m\u00fasica.<br \/>\nDorm, Joana.<br \/>\nI si pot ser no oblidis els teus anys<br \/>\nen el niu que has deixat dins de nosaltres.<br \/>\nEnvellirem guardant tots els colors<br \/>\nque van lluir als teus ulls.<br \/>\nDorm, Joana. Aquesta \u00e9s casa nostra,<br \/>\ntot est\u00e0 il\u2022luminat pel teu somriure.<br \/>\n\u00c9s un tranquil silenci on esperem<br \/>\narrodonir les pedres del dolor<br \/>\nperqu\u00e8 tot el que fores sigui m\u00fasica,<br \/>\nla m\u00fasica que empleni el nostre hivern.<\/p>\n<p>Joan Margarit<\/p>\n<p>Aquests dies s\u00f3n estranys per a mi. S&#8217;acosta Nadal i, com a creient, celebro alguna cosa que a mi em resulta molt gran, molt important, molt seriosa. Celebrarem un naixement que, hist\u00f2ricament, no sabem ben b\u00e9 com va ser, ni on va ser, ni gaires detalls. Per\u00f2 una celebraci\u00f3 \u00e9s justament reviure all\u00f2 que d&#8217;alguna manera ens ha tocat profundament; all\u00f2 que el sentiment \u00e9s capa\u00e7 de dir i la paraula \u00e9s incapa\u00e7 d&#8217;expressar.<\/p>\n<p>Aquests dies celebrarem un naixement d&#8217;alg\u00fa que, des de la seva petitesa, des de la seva nuesa, des de l&#8217;anonimat ha estat capa\u00e7 d&#8217;esdevenir Salvador per a molta gent.<\/p>\n<p>I aix\u00f2 \u00e9s el que aquests dies se&#8217;m fa estrany. Noto com un sentiment de finitud, d&#8217;acabament, de buidor&#8230; Ser\u00e0 per algunes morts de persones estimades, per s\u00edmptomes de no massa bona salut, qu\u00e8 s\u00e9 jo&#8230; \u00c9s com una esp\u00e8cie de contradicci\u00f3 interna que fa que les coses les vegi emboirades, poc clares, borroses&#8230;<\/p>\n<p>Tinc l&#8217;esperan\u00e7a -una remota i difusa esperan\u00e7a- que tot s&#8217;anir\u00e0 arranjant, que tot tornar\u00e0 al seu lloc com<\/p>\n<p>&#8220;un tranquil silenci on esperem<\/p>\n<p>arrodonir les pedres del dolor<\/p>\n<p>perqu\u00e8 tot el que fores sigui m\u00fasica,<\/p>\n<p>la m\u00fasica que empleni el nostre hivern.&#8221; , tal com diu l&#8217;amic poeta Joan Margarit.<\/p>\n<p>Perqu\u00e8 la vida, la mort, els afectes, les amistats, els dolors i els amors, les alegries i tantes altres coses&#8230;formen un conglomerat indestriable que ens ajuda a viure, incl\u00fas quan no hi trobem motius o en trobem poquets.<\/p>\n","protected":false},"excerpt":{"rendered":"<p>CAN\u00c7\u00d3 DE BRESSOL Dorm, Joana. Que el Loverman fosc, tr\u00e0gic, d\u2019aquell saxo soprano del teu germ\u00e0 al consol de Montju\u00efc t\u2019acompanyi durant l\u2019eternitat pels camins que tan b\u00e9 coneix la m\u00fasica. Dorm, Joana. I si pot ser no oblidis els teus anys en el niu que has deixat dins de nosaltres. Envellirem guardant tots els [&hellip;]<\/p>\n","protected":false},"author":214,"featured_media":0,"comment_status":"open","ping_status":"open","sticky":false,"template":"","format":"standard","meta":{"_jetpack_memberships_contains_paid_content":false,"footnotes":"","jetpack_publicize_message":"","jetpack_publicize_feature_enabled":true,"jetpack_social_post_already_shared":false,"jetpack_social_options":{"image_generator_settings":{"template":"highway","default_image_id":0,"font":"","enabled":false},"version":2}},"categories":[145,2941],"tags":[31825,31912],"class_list":["post-145","post","type-post","status-publish","format-standard","hentry","category-poesia","category-vida-i-mort","tag-poesia","tag-vida-i-mort"],"jetpack_publicize_connections":[],"jetpack_featured_media_url":"","jetpack_shortlink":"https:\/\/wp.me\/pagkjs-2l","jetpack-related-posts":[],"jetpack_sharing_enabled":true,"_links":{"self":[{"href":"https:\/\/blogs.avui.cat\/jaumepubill\/wp-json\/wp\/v2\/posts\/145","targetHints":{"allow":["GET"]}}],"collection":[{"href":"https:\/\/blogs.avui.cat\/jaumepubill\/wp-json\/wp\/v2\/posts"}],"about":[{"href":"https:\/\/blogs.avui.cat\/jaumepubill\/wp-json\/wp\/v2\/types\/post"}],"author":[{"embeddable":true,"href":"https:\/\/blogs.avui.cat\/jaumepubill\/wp-json\/wp\/v2\/users\/214"}],"replies":[{"embeddable":true,"href":"https:\/\/blogs.avui.cat\/jaumepubill\/wp-json\/wp\/v2\/comments?post=145"}],"version-history":[{"count":0,"href":"https:\/\/blogs.avui.cat\/jaumepubill\/wp-json\/wp\/v2\/posts\/145\/revisions"}],"wp:attachment":[{"href":"https:\/\/blogs.avui.cat\/jaumepubill\/wp-json\/wp\/v2\/media?parent=145"}],"wp:term":[{"taxonomy":"category","embeddable":true,"href":"https:\/\/blogs.avui.cat\/jaumepubill\/wp-json\/wp\/v2\/categories?post=145"},{"taxonomy":"post_tag","embeddable":true,"href":"https:\/\/blogs.avui.cat\/jaumepubill\/wp-json\/wp\/v2\/tags?post=145"}],"curies":[{"name":"wp","href":"https:\/\/api.w.org\/{rel}","templated":true}]}}