{"id":138,"date":"2008-12-02T19:27:53","date_gmt":"2008-12-02T19:27:53","guid":{"rendered":"http:\/\/blogs.avui.cat\/jaumepubill\/2008\/12\/02\/classe-de-demagogia-llico-1a-2\/"},"modified":"2008-12-23T22:11:28","modified_gmt":"2008-12-23T22:11:28","slug":"classe-de-demagogia-llico-1a-2","status":"publish","type":"post","link":"https:\/\/blogs.avui.cat\/jaumepubill\/2008\/12\/02\/classe-de-demagogia-llico-1a-2\/","title":{"rendered":"Classe de demag\u00f2gia: Lli\u00e7\u00f3 1a."},"content":{"rendered":"<p><img loading=\"lazy\" decoding=\"async\" width=\"142\" src=\"http:\/\/tbn1.google.com\/images?q=tbn:6Cu91bqkqhRETM:http:\/\/especiales.diariosur.es\/anuario\/protagonistas\/2006-media\/juan-carlos-rodriguez-ibarra.jpg\" height=\"95\" \/>Avui he tornat a escoltar al demagog major del Regne (d&#8217;Espanya, \u00e9s clar). Es veu que ha escrit un llibre que es diu &#8220;Rompiendo cristales&#8221;. \u00c9s el que ha fet tota la se va vida. Trencar vidres i fer demag\u00f2gia.Sobretot t\u00e9 una d\u00e8ria: els nacionalismes (els que ells en diuen perif\u00e8rics, no s\u00e9 ben b\u00e9 per qu\u00e8). Quan parla d&#8217;aix\u00f2 \u00e9s quan li surt del m\u00e9s fondo de la seva \u00e0nima la demag\u00f2gia: els nacionalistes no haurien d&#8217;existir perqu\u00e8 porten tots els mals del m\u00f3n. Ell pot ser nacionalista (encara que no ho digui ni ho reconegui) espanyol. Els altres no ho poden ser.Ell pot demanar diners per Extremadura; els altres no. Com que ell no t\u00e9 TV auton\u00f2mica, els altres tampoc n&#8217;haur\u00edem de tenir. \u00c9s una forma de llen\u00e7ar els diners. Igual que tenir policia, etc Ell arreplega el que pot per a la seva autonomia; els altres no. Els altres que paguin, que s\u00f3n els rics. No ho diu aix\u00ed, per\u00f2 ho deixa entreveure. S&#8217;hauria de reformar la Constituci\u00f3, el Senat les lleis i tot el que vulguis&#8230;..per\u00f2 sempre per defensar la seva opini\u00f3 retr\u00f2grada i tancada.Avui ha tornat a donar una lli\u00e7\u00f3 magistral sobre el mateix tema. Incl\u00fas ha donat f\u00f3rmules. Ha dit que certes coses nom\u00e9s s&#8217;haurien de tractar al Senat . L&#8217;important i el que de veritat importa (segons ell) s&#8217;ha de tractar a la cambra de diputats&#8230;.. En fi, el de sempre.Aix\u00f2 si: amb un verb afilat, r\u00e0pid, verborreic&#8230;. Jo diria que \u00e9s com un tronc d&#8217;alsina extremenya a qui se li ha tret l&#8217;escor\u00e7a (per fer-ne taps que li serveixen de munici\u00f3. D&#8217;aquesta manera no sembla una persona tan aspra, tan tosca (encara que li surt per tots costats i no ho por dissimular).Jo no penso pas llegir el llibre. Ja s\u00e9 de que tracta i quins serem els qui tornarem a rebre. Els nacionalistes (sobretot els catalans). No s\u00f3c masoquista ni vull ser-ho. Que se&#8217;l confiti el llibre i que el distribueixi als alumnes de les escoles extremenyes.<\/p>\n","protected":false},"excerpt":{"rendered":"<p>Avui he tornat a escoltar al demagog major del Regne (d&#8217;Espanya, \u00e9s clar). Es veu que ha escrit un llibre que es diu &#8220;Rompiendo cristales&#8221;. \u00c9s el que ha fet tota la se va vida. Trencar vidres i fer demag\u00f2gia.Sobretot t\u00e9 una d\u00e8ria: els nacionalismes (els que ells en diuen perif\u00e8rics, no s\u00e9 ben b\u00e9 [&hellip;]<\/p>\n","protected":false},"author":214,"featured_media":0,"comment_status":"open","ping_status":"open","sticky":false,"template":"","format":"standard","meta":{"_jetpack_memberships_contains_paid_content":false,"footnotes":"","jetpack_publicize_message":"","jetpack_publicize_feature_enabled":true,"jetpack_social_post_already_shared":false,"jetpack_social_options":{"image_generator_settings":{"template":"highway","default_image_id":0,"font":"","enabled":false},"version":2}},"categories":[],"tags":[31828,2705],"class_list":["post-138","post","type-post","status-publish","format-standard","hentry","tag-politica","tag-rodriguez-ibarra"],"jetpack_publicize_connections":[],"jetpack_featured_media_url":"","jetpack_shortlink":"https:\/\/wp.me\/pagkjs-2e","jetpack-related-posts":[],"jetpack_sharing_enabled":true,"_links":{"self":[{"href":"https:\/\/blogs.avui.cat\/jaumepubill\/wp-json\/wp\/v2\/posts\/138","targetHints":{"allow":["GET"]}}],"collection":[{"href":"https:\/\/blogs.avui.cat\/jaumepubill\/wp-json\/wp\/v2\/posts"}],"about":[{"href":"https:\/\/blogs.avui.cat\/jaumepubill\/wp-json\/wp\/v2\/types\/post"}],"author":[{"embeddable":true,"href":"https:\/\/blogs.avui.cat\/jaumepubill\/wp-json\/wp\/v2\/users\/214"}],"replies":[{"embeddable":true,"href":"https:\/\/blogs.avui.cat\/jaumepubill\/wp-json\/wp\/v2\/comments?post=138"}],"version-history":[{"count":0,"href":"https:\/\/blogs.avui.cat\/jaumepubill\/wp-json\/wp\/v2\/posts\/138\/revisions"}],"wp:attachment":[{"href":"https:\/\/blogs.avui.cat\/jaumepubill\/wp-json\/wp\/v2\/media?parent=138"}],"wp:term":[{"taxonomy":"category","embeddable":true,"href":"https:\/\/blogs.avui.cat\/jaumepubill\/wp-json\/wp\/v2\/categories?post=138"},{"taxonomy":"post_tag","embeddable":true,"href":"https:\/\/blogs.avui.cat\/jaumepubill\/wp-json\/wp\/v2\/tags?post=138"}],"curies":[{"name":"wp","href":"https:\/\/api.w.org\/{rel}","templated":true}]}}