{"id":1360,"date":"2010-10-01T19:20:21","date_gmt":"2010-10-01T18:20:21","guid":{"rendered":"http:\/\/blogs.avui.cat\/jaumepubill\/2010\/10\/01\/de-la-foscor-en-surt-una-mica-de-llum\/"},"modified":"2010-10-01T19:20:21","modified_gmt":"2010-10-01T18:20:21","slug":"de-la-foscor-en-surt-una-mica-de-llum","status":"publish","type":"post","link":"https:\/\/blogs.avui.cat\/jaumepubill\/2010\/10\/01\/de-la-foscor-en-surt-una-mica-de-llum\/","title":{"rendered":"De la foscor en surt una mica de llum."},"content":{"rendered":"<p><a href=\"https:\/\/i0.wp.com\/blogs.avui.cat\/jaumepubill\/files\/2010\/10\/images2.jpg\"><img data-recalc-dims=\"1\" loading=\"lazy\" decoding=\"async\" style=\"border-bottom: 0px;border-left: 0px;margin: 0px 15px 0px 0px;border-top: 0px;border-right: 0px\" border=\"0\" alt=\"images[2]\" align=\"left\" src=\"https:\/\/i0.wp.com\/blogs.avui.cat\/jaumepubill\/files\/2010\/10\/images2_thumb.jpg?resize=248%2C152\" width=\"248\" height=\"152\" \/><\/a>Un dia d&#8217;aquests llegia fragments d&#8217;una carta que un dels miners que estan enterrats a 700 metres de profunditat en una mina xilena. \u00c9s una carta dirigida a la seva esposa. Pensava fins a quin punt certes persones tenen un esperit tant positiu i lluitador; un esperit d&#8217;aquells que no donen res per perdut. \u00c9s admirable poder conservar aquest esperit positiu en aquestes situacions i vull compartir alguns d&#8217;aquests fragments de carta amb vosaltres:<\/p>\n<p>&quot;No et molestis per mi. Passar\u00e9 com pugui aqu\u00ed sota. Corro dins de la mina on estem presos &quot;.   <br \/>&quot;Lluitarem per viure i no esperar\u00e9 assegut a que em salvin &quot;.    <br \/>&quot;Ha canviat molt. Abans no li donava molt valor a res i nom\u00e9s procurava anar vivint. Per\u00f2 ara \u00e9s una persona molt profunda, es nota en les seves cartes &quot;, comentava la seva esposa.<\/p>\n<p>Emocionada, Ang\u00e9lica \u00c1lvarez, esposa d&#8217; Edison Pe\u00f1a, relata la forta connexi\u00f3 que ha format amb el seu marit en els \u00faltims dies. Des de les profunditats, el miner l&#8217;ha enviat dibuixos de&#160; paisatges amb muntanyes, flors i un cotxe que ell mateix condueix, segons s&#8217;explica en les cartes que s&#8217;adjunta. &quot;Estant aqu\u00ed dins puc somiar&quot;, diu en una de les missives que ha rebut Ang\u00e9lica.<\/p>\n<p>Tanta ha estat l&#8217;emoci\u00f3 d&#8217;aquests somnis, que el miner Pe\u00f1a li va demanar a la seva dona que captur\u00e9s una foto del sol per recordar la llum del dia. Ella la va fer i despr\u00e9s la va enviar a trav\u00e9s d&#8217;una &quot;paloma&quot;(els aparells que fan servir per enviar-los coses).<\/p>\n<p>En els dies d&#8217;espera, la dona va escriure un poema per al seu esp\u00f2s.<\/p>\n<p>\u201cMi vida es como mirar una ola al golpear la roca, y si tan s\u00f3lo pudiera besar tu boca, y terminar con esta sed que me vuelve loca, que s\u00f3lo tus besos pueden saciar\u201d, diu una de les estrofes de l&#8217;escrit de Ang\u00e9lica.   <br \/>Contenta, diu que ell es mant\u00e9 amb forces, a l&#8217;espera del seu rescat. &quot;T\u00e9 molta esperan\u00e7a, l&#8217;\u00fanic que vol \u00e9s que el rescat sigui r\u00e0pid. No vol m\u00e9s foscor &quot;, conclou.<\/p>\n<p>I el que em va fer m\u00e9s gr\u00e0cia: &quot;Va demanar una foto del sol&quot;.<\/p>\n<div style=\"padding-bottom: 0px;margin: 0px;padding-left: 0px;padding-right: 0px;float: none;padding-top: 0px\" class=\"wlWriterEditableSmartContent\">Etiquetes de Technorati: <a href=\"http:\/\/technorati.com\/tags\/Esperan%c3%a7a\" rel=\"tag\">Esperan&#231;a<\/a>,<a href=\"http:\/\/technorati.com\/tags\/Valors\" rel=\"tag\">Valors<\/a>,<a href=\"http:\/\/technorati.com\/tags\/Xile\" rel=\"tag\">Xile<\/a><\/div>\n","protected":false},"excerpt":{"rendered":"<p>Un dia d&#8217;aquests llegia fragments d&#8217;una carta que un dels miners que estan enterrats a 700 metres de profunditat en una mina xilena. \u00c9s una carta dirigida a la seva esposa. Pensava fins a quin punt certes persones tenen un esperit tant positiu i lluitador; un esperit d&#8217;aquells que no donen res per perdut. \u00c9s [&hellip;]<\/p>\n","protected":false},"author":214,"featured_media":0,"comment_status":"open","ping_status":"closed","sticky":false,"template":"","format":"standard","meta":{"_jetpack_memberships_contains_paid_content":false,"footnotes":"","jetpack_publicize_message":"","jetpack_publicize_feature_enabled":true,"jetpack_social_post_already_shared":false,"jetpack_social_options":{"image_generator_settings":{"template":"highway","default_image_id":0,"font":"","enabled":false},"version":2}},"categories":[2615],"tags":[],"class_list":["post-1360","post","type-post","status-publish","format-standard","hentry","category-valors"],"jetpack_publicize_connections":[],"jetpack_featured_media_url":"","jetpack_shortlink":"https:\/\/wp.me\/pagkjs-lW","jetpack-related-posts":[],"jetpack_sharing_enabled":true,"_links":{"self":[{"href":"https:\/\/blogs.avui.cat\/jaumepubill\/wp-json\/wp\/v2\/posts\/1360","targetHints":{"allow":["GET"]}}],"collection":[{"href":"https:\/\/blogs.avui.cat\/jaumepubill\/wp-json\/wp\/v2\/posts"}],"about":[{"href":"https:\/\/blogs.avui.cat\/jaumepubill\/wp-json\/wp\/v2\/types\/post"}],"author":[{"embeddable":true,"href":"https:\/\/blogs.avui.cat\/jaumepubill\/wp-json\/wp\/v2\/users\/214"}],"replies":[{"embeddable":true,"href":"https:\/\/blogs.avui.cat\/jaumepubill\/wp-json\/wp\/v2\/comments?post=1360"}],"version-history":[{"count":0,"href":"https:\/\/blogs.avui.cat\/jaumepubill\/wp-json\/wp\/v2\/posts\/1360\/revisions"}],"wp:attachment":[{"href":"https:\/\/blogs.avui.cat\/jaumepubill\/wp-json\/wp\/v2\/media?parent=1360"}],"wp:term":[{"taxonomy":"category","embeddable":true,"href":"https:\/\/blogs.avui.cat\/jaumepubill\/wp-json\/wp\/v2\/categories?post=1360"},{"taxonomy":"post_tag","embeddable":true,"href":"https:\/\/blogs.avui.cat\/jaumepubill\/wp-json\/wp\/v2\/tags?post=1360"}],"curies":[{"name":"wp","href":"https:\/\/api.w.org\/{rel}","templated":true}]}}