{"id":135,"date":"2008-11-30T08:55:42","date_gmt":"2008-11-30T08:55:42","guid":{"rendered":"http:\/\/blogs.avui.cat\/jaumepubill\/2008\/11\/30\/entrevistes-de-feina\/"},"modified":"2008-12-23T22:35:46","modified_gmt":"2008-12-23T22:35:46","slug":"entrevistes-de-feina","status":"publish","type":"post","link":"https:\/\/blogs.avui.cat\/jaumepubill\/2008\/11\/30\/entrevistes-de-feina\/","title":{"rendered":"Entrevistes de feina."},"content":{"rendered":"<p><img loading=\"lazy\" decoding=\"async\" width=\"121\" src=\"http:\/\/tbn1.google.com\/images?q=tbn:hJ3tPp6crZhbpM:http:\/\/www.bocanord.org\/elpunt\/wp-content\/uploads\/punt01.jpg\" height=\"91\" \/><br \/>\nLes entrevistes que algunes empreses fan a l&#8217;hora de buscar una feina crec que no serveixen de res.Ja s\u00e9 que, d&#8217;alguna manera, s&#8217;ha d&#8217;avaluar el candidat\/a. Per\u00f2 em sembla que la majoria de vegades es fa tan malament, amb criteris tan tronats o tant estranys, que l&#8217;entrevista no serveix per a res. El que es mira no s\u00f3n precisament les qualitats per la feina sin\u00f3 altres coses que no tenen res a veure, ni amb les qualitats per fer una tasca ben feta ni amb les qualitats de la persona.<br \/>\nAlmenys, aquest \u00e9s el meu parer, despr\u00e9s d&#8217;haver observat alguns cassos de ben a prop i haver llegit les condicions que es demanen en els anuncis dels diaris (edat, pres\u00e8ncia f\u00edsica, etc )<br \/>\nAix\u00f2 em recorda un acudit que un dia alg\u00fa em va explicar sobre aquest tema. Perdoneu si no el trobeu de massa bon gust. Segurament que els psic\u00f2legs entrevistadors seran qui el trobaran de pitjor gust. Per\u00f2 que, per una vegada, s&#8217;aguantin&#8230;<br \/>\nVa un candidat a una entrevista de feina i el psic\u00f2leg li diu:<br \/>\n&#8211; Li far\u00e9 un test final per a la seva admissi\u00f3.<br \/>\n&#8211; Perfecte, diu el candidat.<br \/>\n&#8211; Llavors el psic\u00f2leg li pregunta:<br \/>\n&#8211; Vost\u00e8 est\u00e0 en un carrer fosc i veu all\u00e0 lluny dos fars venint a la seva direcci\u00f3, vost\u00e8 qu\u00e8 pensa que \u00e9s?<br \/>\n&#8211; Un cotxe, diu el candidat.<br \/>\n&#8211; Un cotxe \u00e9s molt poc, quin tipus de cotxe? Un BMW, un Audi, un Volkswagen?<br \/>\n&#8211; I com ho sabr\u00e9?- Hummm &#8230;, diu el psic\u00f2leg, que continua: li far\u00e9 una altra pregunta:<br \/>\n&#8211; Vost\u00e8 \u00e9s al mateix carrer fosc i veu nom\u00e9s un llum venint a la seva direcci\u00f3, qu\u00e8 \u00e9s?<br \/>\n&#8211; Una moto, diu el candidat.- Si, per\u00f2 quin tipus de moto? Una Yamaha, una Honda, una Suzuki?<br \/>\n&#8211; Per\u00f2 si \u00e9s un carrer fosc com ho sabr\u00e9? (ja mig nervi\u00f3s)<br \/>\n&#8211; Hummm &#8230;, diu el psic\u00f2leg. Heus aqu\u00ed la darrera pregunta:<br \/>\n&#8211; Al mateix carrer fosc vost\u00e8 veu de nou un sol llum per\u00f2 m\u00e9s petit i percep que ve m\u00e9s lent, qu\u00e8 \u00e9s?<br \/>\n&#8211; Una bicicleta.<br \/>\n&#8211; Si, per\u00f2 quin tipus de bicicleta?, Una Caloi, una Raleigh?<br \/>\n&#8211; No ho s\u00e9!!.- \u00a1Ha estat vost\u00e8. Desqualificat! diu el psic\u00f2leg.<br \/>\nLlavors el candidat, mig trist amb el resultat, diu al psic\u00f2leg:<br \/>\n&#8211; Encara que he estat desqualificat, el test m&#8217;ha semblat molt interessant. Puc fer-li una pregunta, en la mateixa l\u00ednia de raonament? I el psic\u00f2leg satisfet respon;<br \/>\n&#8211; \u00a1\u00c9s clar que pot!<br \/>\n&#8211; Vost\u00e8, senyor, est\u00e0 a la tarda, gaireb\u00e9 de nit, en un carrer mal il\u00b7luminat. Heus ac\u00ed que veu una dona molt maquillada, amb un vestit vermell molt curt, contornejant-se i movent la bossa, qu\u00e8 \u00e9s?<br \/>\n&#8211; Ah! &#8211; Diu el psic\u00f2leg &#8211; \u00e9s una dona&#8230; b\u00e9&#8230; una dona de mala vida, per dir-ho finament.<br \/>\n&#8211; Si, per\u00f2 quin tipus de dona?: \u00bfLa seva germana? La seva filla? La seva dona? O la seva mare?<\/p>\n","protected":false},"excerpt":{"rendered":"<p>Les entrevistes que algunes empreses fan a l&#8217;hora de buscar una feina crec que no serveixen de res.Ja s\u00e9 que, d&#8217;alguna manera, s&#8217;ha d&#8217;avaluar el candidat\/a. Per\u00f2 em sembla que la majoria de vegades es fa tan malament, amb criteris tan tronats o tant estranys, que l&#8217;entrevista no serveix per a res. El que es [&hellip;]<\/p>\n","protected":false},"author":214,"featured_media":0,"comment_status":"open","ping_status":"open","sticky":false,"template":"","format":"standard","meta":{"_jetpack_memberships_contains_paid_content":false,"footnotes":"","jetpack_publicize_message":"","jetpack_publicize_feature_enabled":true,"jetpack_social_post_already_shared":false,"jetpack_social_options":{"image_generator_settings":{"template":"highway","default_image_id":0,"font":"","enabled":false},"version":2}},"categories":[65],"tags":[31819],"class_list":["post-135","post","type-post","status-publish","format-standard","hentry","category-feina","tag-feina"],"jetpack_publicize_connections":[],"jetpack_featured_media_url":"","jetpack_shortlink":"https:\/\/wp.me\/pagkjs-2b","jetpack-related-posts":[],"jetpack_sharing_enabled":true,"_links":{"self":[{"href":"https:\/\/blogs.avui.cat\/jaumepubill\/wp-json\/wp\/v2\/posts\/135","targetHints":{"allow":["GET"]}}],"collection":[{"href":"https:\/\/blogs.avui.cat\/jaumepubill\/wp-json\/wp\/v2\/posts"}],"about":[{"href":"https:\/\/blogs.avui.cat\/jaumepubill\/wp-json\/wp\/v2\/types\/post"}],"author":[{"embeddable":true,"href":"https:\/\/blogs.avui.cat\/jaumepubill\/wp-json\/wp\/v2\/users\/214"}],"replies":[{"embeddable":true,"href":"https:\/\/blogs.avui.cat\/jaumepubill\/wp-json\/wp\/v2\/comments?post=135"}],"version-history":[{"count":0,"href":"https:\/\/blogs.avui.cat\/jaumepubill\/wp-json\/wp\/v2\/posts\/135\/revisions"}],"wp:attachment":[{"href":"https:\/\/blogs.avui.cat\/jaumepubill\/wp-json\/wp\/v2\/media?parent=135"}],"wp:term":[{"taxonomy":"category","embeddable":true,"href":"https:\/\/blogs.avui.cat\/jaumepubill\/wp-json\/wp\/v2\/categories?post=135"},{"taxonomy":"post_tag","embeddable":true,"href":"https:\/\/blogs.avui.cat\/jaumepubill\/wp-json\/wp\/v2\/tags?post=135"}],"curies":[{"name":"wp","href":"https:\/\/api.w.org\/{rel}","templated":true}]}}