{"id":133,"date":"2008-11-28T21:34:15","date_gmt":"2008-11-28T21:34:15","guid":{"rendered":"http:\/\/blogs.avui.cat\/jaumepubill\/2008\/11\/28\/yoani-sanchez-la-bloguera-cubana\/"},"modified":"2008-12-23T22:37:14","modified_gmt":"2008-12-23T22:37:14","slug":"yoani-sanchez-la-bloguera-cubana","status":"publish","type":"post","link":"https:\/\/blogs.avui.cat\/jaumepubill\/2008\/11\/28\/yoani-sanchez-la-bloguera-cubana\/","title":{"rendered":"Yoani S\u00e1nchez, la bloguera cubana."},"content":{"rendered":"<p><img loading=\"lazy\" decoding=\"async\" width=\"87\" src=\"http:\/\/tbn2.google.com\/images?q=tbn:AwiKZaX8oamMOM:http:\/\/felixjtapia.org\/blog\/wp-content\/uploads\/2008\/04\/yoani-sanchez-herald-efe.jpg\" height=\"127\" \/> La popular bloguera Yoani S\u00e1nchez va arrasar en els premis The Bobs 2008, que atorga la televisi\u00f3 alemanya Deutsche Welle, en emportar-se el guard\u00f3 al millor weblog internacional i tamb\u00e9 al de el de Reporteros Sin Fronteras, que es decideix per votaci\u00f3, segons ha explicat l&#8217;ag\u00e8ncia EFE.<br \/>\nAquesta \u00e9s la not\u00edcia. Per\u00f2 \u00e9s una not\u00edcia que a mi m&#8217; ha alegrat. Aquest blog el tinc entre els favorits i el segueixo quasi cada dia que escriu. El que ja no puc seguir (i tampoc m&#8217;interessa massa, la veritat) s\u00f3n els comentaris que cada dia reb. Hi han dies que t\u00e9 m\u00e9s de 3000 comentaris. Us heu adonat del que significa aix\u00f2?<br \/>\nYoani S\u00e1nchez no ha pogut assistir a la cerim\u00f2nia berlinesa per no tenir perm\u00eds per a sortir del pa\u00eds , per\u00f2 ha expressat la seva satisfacci\u00f3 pel premi en declaracions a la plana web en espanyol de la Deutsche Welle (www.dw-world.de\/spanish).<br \/>\nS\u00e1nchez considera el premi com un impuls als cubans par a emprar aquest sistema de comunicaci\u00f3 i ha qualificat Generaci\u00f3n Y como una esp\u00e8cie de &#8220;exorcismo personal para sacar fuera algunos demonios&#8221;.<br \/>\n&#8220;Decid\u00ed abrir una bit\u00e1cora para contar todo eso que nos pasa a los cubanos y que no aparece mencionado en los medios oficiales&#8221;, va explicar S\u00e1nchez, qui considera que gr\u00e0cies a aquests mitjants s&#8217;ha &#8220;abierto una ventana para que a trav\u00e9s de ella podamos salir al mundo&#8221;.<br \/>\nPersonalment crec que una de les coses m\u00e9s bones que t\u00e9 Internet \u00e9s que les opinions personals m\u00e9s diverses i m\u00e9s distants entre si es poden escriure amb total llibertat i, tamb\u00e9 amb total llibertat, es poden rebatre.<br \/>\nAix\u00f2 \u00e9s la democr\u00e0cia i aix\u00f2 ajudar\u00e0 a fer indefectiblement les persones m\u00e9s lliures.<br \/>\nPer molts anys Yoani!<\/p>\n","protected":false},"excerpt":{"rendered":"<p>La popular bloguera Yoani S\u00e1nchez va arrasar en els premis The Bobs 2008, que atorga la televisi\u00f3 alemanya Deutsche Welle, en emportar-se el guard\u00f3 al millor weblog internacional i tamb\u00e9 al de el de Reporteros Sin Fronteras, que es decideix per votaci\u00f3, segons ha explicat l&#8217;ag\u00e8ncia EFE. Aquesta \u00e9s la not\u00edcia. Per\u00f2 \u00e9s una not\u00edcia [&hellip;]<\/p>\n","protected":false},"author":214,"featured_media":0,"comment_status":"open","ping_status":"open","sticky":false,"template":"","format":"standard","meta":{"_jetpack_memberships_contains_paid_content":false,"footnotes":"","jetpack_publicize_message":"","jetpack_publicize_feature_enabled":true,"jetpack_social_post_already_shared":false,"jetpack_social_options":{"image_generator_settings":{"template":"highway","default_image_id":0,"font":"","enabled":false},"version":2}},"categories":[4298],"tags":[31925,2656],"class_list":["post-133","post","type-post","status-publish","format-standard","hentry","category-blogs-que-segueixo","tag-blogs-que-segueixo","tag-yoani-sanchez"],"jetpack_publicize_connections":[],"jetpack_featured_media_url":"","jetpack_shortlink":"https:\/\/wp.me\/pagkjs-29","jetpack-related-posts":[],"jetpack_sharing_enabled":true,"_links":{"self":[{"href":"https:\/\/blogs.avui.cat\/jaumepubill\/wp-json\/wp\/v2\/posts\/133","targetHints":{"allow":["GET"]}}],"collection":[{"href":"https:\/\/blogs.avui.cat\/jaumepubill\/wp-json\/wp\/v2\/posts"}],"about":[{"href":"https:\/\/blogs.avui.cat\/jaumepubill\/wp-json\/wp\/v2\/types\/post"}],"author":[{"embeddable":true,"href":"https:\/\/blogs.avui.cat\/jaumepubill\/wp-json\/wp\/v2\/users\/214"}],"replies":[{"embeddable":true,"href":"https:\/\/blogs.avui.cat\/jaumepubill\/wp-json\/wp\/v2\/comments?post=133"}],"version-history":[{"count":0,"href":"https:\/\/blogs.avui.cat\/jaumepubill\/wp-json\/wp\/v2\/posts\/133\/revisions"}],"wp:attachment":[{"href":"https:\/\/blogs.avui.cat\/jaumepubill\/wp-json\/wp\/v2\/media?parent=133"}],"wp:term":[{"taxonomy":"category","embeddable":true,"href":"https:\/\/blogs.avui.cat\/jaumepubill\/wp-json\/wp\/v2\/categories?post=133"},{"taxonomy":"post_tag","embeddable":true,"href":"https:\/\/blogs.avui.cat\/jaumepubill\/wp-json\/wp\/v2\/tags?post=133"}],"curies":[{"name":"wp","href":"https:\/\/api.w.org\/{rel}","templated":true}]}}