{"id":1324,"date":"2010-09-11T10:09:16","date_gmt":"2010-09-11T09:09:16","guid":{"rendered":"http:\/\/blogs.avui.cat\/jaumepubill\/2010\/09\/11\/moralment-excls\/"},"modified":"2010-09-11T10:09:16","modified_gmt":"2010-09-11T09:09:16","slug":"moralment-excls-2","status":"publish","type":"post","link":"https:\/\/blogs.avui.cat\/jaumepubill\/2010\/09\/11\/moralment-excls-2\/","title":{"rendered":"Moralment excl&#242;s"},"content":{"rendered":"<p><img loading=\"lazy\" decoding=\"async\" height=\"156\" src=\"http:\/\/t1.gstatic.com\/images?q=tbn:ANd9GcTiEvAuZgCZK5guXsasYk2SY3pN1t7Ke0EM8-qZMfn4Htm9mqY&amp;t=1&amp;usg=__52xx5p7RHxOvFPYE5h_NIlYy0jI=\" width=\"156\" align=\"left\" \/> Avui, 11 de Setembre de 2010, \u00e9s la Diada nacional de Catalunya. Cal que recordem que aquest ha estat un any molt dur&#160; despr\u00e9s de la partid\u00e0ria, injusta i vergonyosa decisi\u00f3 del Tribunal Constitucional espanyol sobre l\u2019 Estatut de Catalunya.<\/p>\n<p>Ja hi ha 90 municipis catalans (i el nombre va creixent de mica en mica) que, com a repulsa a aquesta decisi\u00f3, han decidit exlcoure&#8217;s &quot;moralment&quot; de la Constituci\u00f3 espanyola.<\/p>\n<p>Fins ara s\u00f3n els municipis els que simb\u00f2licament fan aquest gest de dignitat. Ara ens toca a nosaltres com a persones fer-ho. Una ocasi\u00f3 la tindrem a les pr\u00f2ximes eleccions quan podrem decidir votar partits que hagin deixat clara \u2013ben clara- la decisi\u00f3 de que Catalunya sigui independent.<\/p>\n<p>Entretant, no estaria de m\u00e9s que cadasc\u00fa personalment fes aquesta decisi\u00f3 de sentir-se moralment excl\u00f2s d\u2019una Costituci\u00f3 que ens exclou, que no ens hi vol i en la que no hi podem ser de cap manera amb les regles de joc que ens imposa.<\/p>\n<p>Per tant: JO EM SENTO MORALMENT EXCL\u00d2S DE LA COSTITUCI\u00d3 ESPANYOLA.<\/p>\n<p>&#160;<\/p>\n<\/p>\n<div>Etiquetas de Technorati: <a href=\"http:\/\/technorati.com\/tags\/Catalunya\" rel=\"tag\">Catalunya<\/a>,<a href=\"http:\/\/technorati.com\/tags\/Independ%c3%a8ncia\" rel=\"tag\">Independ&#232;ncia<\/a>,<a href=\"http:\/\/technorati.com\/tags\/Constituci%c3%b3\" rel=\"tag\">Constituci&#243;<\/a>,<a href=\"http:\/\/technorati.com\/tags\/Sobiranisme\" rel=\"tag\">Sobiranisme<\/a><\/div>\n","protected":false},"excerpt":{"rendered":"<p>Avui, 11 de Setembre de 2010, \u00e9s la Diada nacional de Catalunya. Cal que recordem que aquest ha estat un any molt dur&#160; despr\u00e9s de la partid\u00e0ria, injusta i vergonyosa decisi\u00f3 del Tribunal Constitucional espanyol sobre l\u2019 Estatut de Catalunya. Ja hi ha 90 municipis catalans (i el nombre va creixent de mica en mica) [&hellip;]<\/p>\n","protected":false},"author":214,"featured_media":0,"comment_status":"open","ping_status":"closed","sticky":false,"template":"","format":"standard","meta":{"_jetpack_memberships_contains_paid_content":false,"footnotes":"","jetpack_publicize_message":"","jetpack_publicize_feature_enabled":true,"jetpack_social_post_already_shared":false,"jetpack_social_options":{"image_generator_settings":{"template":"highway","default_image_id":0,"font":"","enabled":false},"version":2}},"categories":[877,1251,643,3363],"tags":[],"class_list":["post-1324","post","type-post","status-publish","format-standard","hentry","category-catalunya","category-constitucio","category-independencia","category-sobiranisme"],"jetpack_publicize_connections":[],"jetpack_featured_media_url":"","jetpack_shortlink":"https:\/\/wp.me\/pagkjs-lm","jetpack-related-posts":[],"jetpack_sharing_enabled":true,"_links":{"self":[{"href":"https:\/\/blogs.avui.cat\/jaumepubill\/wp-json\/wp\/v2\/posts\/1324","targetHints":{"allow":["GET"]}}],"collection":[{"href":"https:\/\/blogs.avui.cat\/jaumepubill\/wp-json\/wp\/v2\/posts"}],"about":[{"href":"https:\/\/blogs.avui.cat\/jaumepubill\/wp-json\/wp\/v2\/types\/post"}],"author":[{"embeddable":true,"href":"https:\/\/blogs.avui.cat\/jaumepubill\/wp-json\/wp\/v2\/users\/214"}],"replies":[{"embeddable":true,"href":"https:\/\/blogs.avui.cat\/jaumepubill\/wp-json\/wp\/v2\/comments?post=1324"}],"version-history":[{"count":0,"href":"https:\/\/blogs.avui.cat\/jaumepubill\/wp-json\/wp\/v2\/posts\/1324\/revisions"}],"wp:attachment":[{"href":"https:\/\/blogs.avui.cat\/jaumepubill\/wp-json\/wp\/v2\/media?parent=1324"}],"wp:term":[{"taxonomy":"category","embeddable":true,"href":"https:\/\/blogs.avui.cat\/jaumepubill\/wp-json\/wp\/v2\/categories?post=1324"},{"taxonomy":"post_tag","embeddable":true,"href":"https:\/\/blogs.avui.cat\/jaumepubill\/wp-json\/wp\/v2\/tags?post=1324"}],"curies":[{"name":"wp","href":"https:\/\/api.w.org\/{rel}","templated":true}]}}