{"id":1312,"date":"2010-08-12T14:48:35","date_gmt":"2010-08-12T13:48:35","guid":{"rendered":"http:\/\/blogs.avui.cat\/jaumepubill\/2010\/08\/12\/dies-destiu-al-pla-d-urgell\/"},"modified":"2010-08-12T14:48:35","modified_gmt":"2010-08-12T13:48:35","slug":"dies-destiu-al-pla-d-urgell-2","status":"publish","type":"post","link":"https:\/\/blogs.avui.cat\/jaumepubill\/2010\/08\/12\/dies-destiu-al-pla-d-urgell-2\/","title":{"rendered":"Dies d&#8217;estiu al Pla d&#8217; Urgell"},"content":{"rendered":"<p><strong><em><img loading=\"lazy\" decoding=\"async\" align=\"left\" src=\"http:\/\/t3.gstatic.com\/images?q=tbn:ANd9GcRF1yn0xF7bP_setW0t6ZCzXO-RM8g73YjrMzzwebCYb-B5mEI&amp;t=1&amp;usg=__F4RRJW-1hU05TP49yv0Z2qEBsgE=\" width=\"144\" height=\"144\" \/>&#160;<\/em><\/strong><\/p>\n<p><strong><em>La fidelitat germinar\u00e0 de la terra<\/em><\/strong><\/p>\n<p><strong><em>i la bondat guaitar\u00e0 des del cel.<\/em><\/strong><\/p>\n<p><strong><em>El Senyor donar\u00e0 la pluja<\/em><\/strong><\/p>\n<p><strong><em>i la nostra terra donar\u00e0 el seu fruit.<\/em><\/strong><\/p>\n<p><strong><em>(Salm 85,12-12)<\/em><\/strong><\/p>\n<p>&#160;<\/p>\n<p>Els dies d&#8217;estiu al Pla d&#8217; Urgell s\u00f3n dies febrosos i moguts. Una activitat fren\u00e8tica sorgeix arreu i en cada tros hi ha alg\u00fa fent&#160; feina. L&#8217;estiu \u00e9s l&#8217;\u00e8poca de la collita, l&#8217;\u00e8poca de recollir els fruits de la terra i els fruits de la suor del pag\u00e8s. Uns esfor\u00e7os i una suor que van comen\u00e7ar mesos enll\u00e0 i que ara arriben a bon port, si pel cam\u00ed no hi ha hagut la desgr\u00e0cia d&#8217;alguna pedregada, d&#8217;alguna gelada o alguna altra inclem\u00e8ncia del temps que ho hagi engegat tot a rodar. <\/p>\n<p>Per aix\u00f2 tanta pressa i tant frenes\u00ed. Els hi va la superviv\u00e8ncia de la resta de l&#8217;any. \u00c9s temps de collir la fruita i a cada rac\u00f3 hi veus un tractor i uns homes i dones enfeinats. A qualsevol rac\u00f3 sents els crits i la xerrameca de la gent mentre cull la fruita. Crits, riures i xerinola que fan la dura i suada jornada m\u00e9s curta i m\u00e9s amena. La gent va i ve formiguejant dels camps a les c\u00e0meres i de les c\u00e0meres als camps. All\u00e0 es guardar\u00e0 amatentment la fruita per anar-la venent al llarg de l&#8217;any. Gr\u00e0cies a aquests m\u00e8todes tan moderns d&#8217;atmosfera controlada podem tenir fruita variada quasi durant tot l&#8217;any.<\/p>\n<p>El pag\u00e8s \u00e9s aquella persona que mira cap a terra i cap al cel al mateix temps. Inevitablement ho ha de fer aix\u00ed perqu\u00e8 les collites no depenen ni totalment d&#8217;ell, ni totalment del cel. Per aix\u00f2 el pag\u00e8s acostuma a ser un home fidel a la terra, arrelat a un lloc i ha apr\u00e8s a ser un \u00e9sser sofert i esperan\u00e7at. Perqu\u00e8 aquesta combinaci\u00f3 de coses mamades i viscudes d&#8217;anys i panys i transmeses de pares a fills han fet que hagi esdevingut una persona completament distinta a la de la ciutat. El pag\u00e8s acostuma a ser m\u00e9s calmat, m\u00e9s tranquil, m\u00e9s observador i una persona que toca de peus a terra. La mateixa terra l&#8217;ha fet ser com \u00e9s.<\/p>\n<p>El pag\u00e8s \u00e9s aquella persona que es relaciona amb la terra, que la mira i que l&#8217;observa veient-hi moltes m\u00e9s coses de les que hi veiem els que nom\u00e9s hi passem de pas, passejant o com a simples turistes. El pag\u00e8s no hi veu el que hi ha, sin\u00f3 que hi veu el que hi haur\u00e0. Mira la terra amb amor i amb esperan\u00e7a albira totes les seves possibilitats futures i hi veu tot all\u00f2 ocult que se&#8217;ns escapa als dem\u00e9s. No es limiten a recollir: sembren, planten, cuiden, ordenen, netegen, reguen, abonen&#8230;.sabent que all\u00e0 hi ha riquesa i que aflorar\u00e0 tard o d&#8217;hora . Saben esperar, saben somiar tot tocant de peus a terra. Aix\u00f2 \u00e9s ser pag\u00e8s.<\/p>\n<p>I el que \u00e9s m\u00e9s important: viuen aqu\u00ed. No se n&#8217;han anat. La proverbial fidelitat del pag\u00e8s \u00e9s una de les lli\u00e7ons que haur\u00edem d&#8217;aprendre; i haur\u00edem de recobrar urgentment -els que l&#8217;h\u00e0gim perduda- aquesta \u00e0nima pagesa tan necess\u00e0ria per a viure i transitar per la vida.<\/p>\n<p>Bona collita!<\/p>\n<div>Etiquetes de Technorati: <a href=\"http:\/\/technorati.com\/tags\/Pla+d'+Urgell.+Pagesia\" rel=\"tag\">Pla d&#8217; Urgell. Pagesia<\/a>,<a href=\"http:\/\/technorati.com\/tags\/A+peu\" rel=\"tag\">A peu<\/a>,<a href=\"http:\/\/technorati.com\/tags\/Natura\" rel=\"tag\">Natura<\/a><\/div>\n","protected":false},"excerpt":{"rendered":"<p>&#160; La fidelitat germinar\u00e0 de la terra i la bondat guaitar\u00e0 des del cel. El Senyor donar\u00e0 la pluja i la nostra terra donar\u00e0 el seu fruit. (Salm 85,12-12) &#160; Els dies d&#8217;estiu al Pla d&#8217; Urgell s\u00f3n dies febrosos i moguts. Una activitat fren\u00e8tica sorgeix arreu i en cada tros hi ha alg\u00fa fent&#160; [&hellip;]<\/p>\n","protected":false},"author":214,"featured_media":0,"comment_status":"open","ping_status":"closed","sticky":false,"template":"","format":"standard","meta":{"_jetpack_memberships_contains_paid_content":false,"footnotes":"","jetpack_publicize_message":"","jetpack_publicize_feature_enabled":true,"jetpack_social_post_already_shared":false,"jetpack_social_options":{"image_generator_settings":{"template":"highway","default_image_id":0,"font":"","enabled":false},"version":2}},"categories":[3787,816,1192,4627],"tags":[],"class_list":["post-1312","post","type-post","status-publish","format-standard","hentry","category-a-peu","category-general","category-natura","category-pla-d-urgell"],"jetpack_publicize_connections":[],"jetpack_featured_media_url":"","jetpack_shortlink":"https:\/\/wp.me\/pagkjs-la","jetpack-related-posts":[],"jetpack_sharing_enabled":true,"_links":{"self":[{"href":"https:\/\/blogs.avui.cat\/jaumepubill\/wp-json\/wp\/v2\/posts\/1312","targetHints":{"allow":["GET"]}}],"collection":[{"href":"https:\/\/blogs.avui.cat\/jaumepubill\/wp-json\/wp\/v2\/posts"}],"about":[{"href":"https:\/\/blogs.avui.cat\/jaumepubill\/wp-json\/wp\/v2\/types\/post"}],"author":[{"embeddable":true,"href":"https:\/\/blogs.avui.cat\/jaumepubill\/wp-json\/wp\/v2\/users\/214"}],"replies":[{"embeddable":true,"href":"https:\/\/blogs.avui.cat\/jaumepubill\/wp-json\/wp\/v2\/comments?post=1312"}],"version-history":[{"count":0,"href":"https:\/\/blogs.avui.cat\/jaumepubill\/wp-json\/wp\/v2\/posts\/1312\/revisions"}],"wp:attachment":[{"href":"https:\/\/blogs.avui.cat\/jaumepubill\/wp-json\/wp\/v2\/media?parent=1312"}],"wp:term":[{"taxonomy":"category","embeddable":true,"href":"https:\/\/blogs.avui.cat\/jaumepubill\/wp-json\/wp\/v2\/categories?post=1312"},{"taxonomy":"post_tag","embeddable":true,"href":"https:\/\/blogs.avui.cat\/jaumepubill\/wp-json\/wp\/v2\/tags?post=1312"}],"curies":[{"name":"wp","href":"https:\/\/api.w.org\/{rel}","templated":true}]}}