{"id":1301,"date":"2010-07-23T19:19:29","date_gmt":"2010-07-23T18:19:29","guid":{"rendered":"http:\/\/blogs.avui.cat\/jaumepubill\/2010\/07\/23\/ampla-s-castella\/"},"modified":"2010-07-23T19:19:29","modified_gmt":"2010-07-23T18:19:29","slug":"ampla-s-castella-2","status":"publish","type":"post","link":"https:\/\/blogs.avui.cat\/jaumepubill\/2010\/07\/23\/ampla-s-castella-2\/","title":{"rendered":"Ampla &#233;s Castella"},"content":{"rendered":"<p>&#160; <\/p>\n<p align=\"center\"><strong><font size=\"5\"><\/font><\/strong><\/p>\n<p align=\"center\"><strong><font size=\"5\"><a href=\"https:\/\/i0.wp.com\/blogs.avui.cat\/jaumepubill\/files\/2010\/07\/tormentaenvarela.jpg\"><img data-recalc-dims=\"1\" loading=\"lazy\" decoding=\"async\" border=\"0\" alt=\"Tormenta en varela\" src=\"https:\/\/i0.wp.com\/blogs.avui.cat\/jaumepubill\/files\/2010\/07\/tormentaenvarela-thumb.jpg?resize=445%2C192\" width=\"445\" height=\"192\" \/><\/a> AMPLA \u00c9S CASTELLA<\/font><\/strong><\/p>\n<p align=\"center\"><em>Ampla \u00e9s Castella, i com un palmell<\/em>     <br \/><em>t\u00e9 la dur\u00edcia d\u2019aixecar l\u2019espasa.<\/em>     <br \/><em>El bra\u00e7 \u00e9s las i no el mena cervell;<\/em>     <br \/><em>la gola \u00e9s seca i la set no li passa.<\/em><\/p>\n<p> <em><\/em>  <\/p>\n<p align=\"center\"><em>Terra dels Ter\u00e7os petjadors de lleis<\/em>     <br \/><em>que imposaven amb sang llur llei estranya,<\/em>     <br \/><em>ampla \u00e9s Castella, sepulcre de reis,<\/em>     <br \/><em>malaviran\u00e7a a la Marca d\u2019Espanya.<\/em><\/p>\n<p> <em><\/em>  <\/p>\n<p align=\"center\"><em>Sota els pollancs l\u2019ombra encara es marceix<\/em>     <br \/><em>del mal que ha fet amb la seva tonada;<\/em>     <br \/><em>sorolls de focs i esperons, i l\u2019escreix<\/em>     <br \/><em>amb que els cavalls soterraven l\u2019estada.<\/em><\/p>\n<p align=\"center\"><em><\/em>    <br \/><em>Ampla \u00e9s Castella, el seu ress\u00f2 un gemec,<\/em>     <br \/><em>t\u00e9 la sordesa de massa escoltar-se.<\/em>     <br \/><em>La veu dels \u00edbers \u00e9s ronca d\u2019ofec<\/em>     <br \/><em>i ella no els sent: nom\u00e9s vol rebolcar-se.<\/em><\/p>\n<p>&#160;<\/p>\n<p>&#160;<\/p>\n<p align=\"center\">&#160;<font size=\"5\">Joan Salvat-Papasseit<\/font><\/p>\n<p align=\"center\"><font size=\"3\">( &#8216;Les Conspiracions&#8217;-1922)<\/font><\/p>\n<\/p>\n<div>Etiquetes de Technorati: <a href=\"http:\/\/technorati.com\/tags\/Poesia\" rel=\"tag\">Poesia<\/a><\/div>\n","protected":false},"excerpt":{"rendered":"<p>&#160; AMPLA \u00c9S CASTELLA Ampla \u00e9s Castella, i com un palmell t\u00e9 la dur\u00edcia d\u2019aixecar l\u2019espasa. El bra\u00e7 \u00e9s las i no el mena cervell; la gola \u00e9s seca i la set no li passa. Terra dels Ter\u00e7os petjadors de lleis que imposaven amb sang llur llei estranya, ampla \u00e9s Castella, sepulcre de reis, malaviran\u00e7a [&hellip;]<\/p>\n","protected":false},"author":214,"featured_media":0,"comment_status":"open","ping_status":"closed","sticky":false,"template":"","format":"standard","meta":{"_jetpack_memberships_contains_paid_content":false,"footnotes":"","jetpack_publicize_message":"","jetpack_publicize_feature_enabled":true,"jetpack_social_post_already_shared":false,"jetpack_social_options":{"image_generator_settings":{"template":"highway","default_image_id":0,"font":"","enabled":false},"version":2}},"categories":[145],"tags":[],"class_list":["post-1301","post","type-post","status-publish","format-standard","hentry","category-poesia"],"jetpack_publicize_connections":[],"jetpack_featured_media_url":"","jetpack_shortlink":"https:\/\/wp.me\/pagkjs-kZ","jetpack-related-posts":[],"jetpack_sharing_enabled":true,"_links":{"self":[{"href":"https:\/\/blogs.avui.cat\/jaumepubill\/wp-json\/wp\/v2\/posts\/1301","targetHints":{"allow":["GET"]}}],"collection":[{"href":"https:\/\/blogs.avui.cat\/jaumepubill\/wp-json\/wp\/v2\/posts"}],"about":[{"href":"https:\/\/blogs.avui.cat\/jaumepubill\/wp-json\/wp\/v2\/types\/post"}],"author":[{"embeddable":true,"href":"https:\/\/blogs.avui.cat\/jaumepubill\/wp-json\/wp\/v2\/users\/214"}],"replies":[{"embeddable":true,"href":"https:\/\/blogs.avui.cat\/jaumepubill\/wp-json\/wp\/v2\/comments?post=1301"}],"version-history":[{"count":0,"href":"https:\/\/blogs.avui.cat\/jaumepubill\/wp-json\/wp\/v2\/posts\/1301\/revisions"}],"wp:attachment":[{"href":"https:\/\/blogs.avui.cat\/jaumepubill\/wp-json\/wp\/v2\/media?parent=1301"}],"wp:term":[{"taxonomy":"category","embeddable":true,"href":"https:\/\/blogs.avui.cat\/jaumepubill\/wp-json\/wp\/v2\/categories?post=1301"},{"taxonomy":"post_tag","embeddable":true,"href":"https:\/\/blogs.avui.cat\/jaumepubill\/wp-json\/wp\/v2\/tags?post=1301"}],"curies":[{"name":"wp","href":"https:\/\/api.w.org\/{rel}","templated":true}]}}